{"id":1120,"date":"2025-05-06T21:28:22","date_gmt":"2025-05-06T21:28:22","guid":{"rendered":"https:\/\/mexiconoticias.net\/?p=1120"},"modified":"2025-05-06T21:30:27","modified_gmt":"2025-05-06T21:30:27","slug":"maynez-alza-la-voz-en-veracruz-y-denuncia-presion-del-gobierno-estatal","status":"publish","type":"post","link":"https:\/\/mexiconoticias.net\/index.php\/2025\/05\/06\/maynez-alza-la-voz-en-veracruz-y-denuncia-presion-del-gobierno-estatal\/","title":{"rendered":"M\u00e1ynez alza la voz en Veracruz y denuncia presi\u00f3n del gobierno estatal"},"content":{"rendered":"\n<p>Durante su visita a la zona conurbada Veracruz\u2013Boca del R\u00edo, Jorge \u00c1lvarez M\u00e1ynez, coordinador nacional de Movimiento Ciudadano, denunci\u00f3 el clima de inseguridad que se vive en el estado y advirti\u00f3 sobre la presi\u00f3n pol\u00edtica que enfrentan candidatos locales por parte del gobierno estatal. Se\u00f1al\u00f3 que la violencia no solo afecta a los aspirantes, sino que es reflejo de un problema estructural profundo. \u201cNunca se est\u00e1 exento de la presi\u00f3n del poder, pero quien se rinde ante \u00e9l, paga un precio. Nosotros no nos vamos a doblar\u201d, declar\u00f3.<\/p>\n\n\n\n<p>M\u00e1s tarde, M\u00e1ynez encabez\u00f3 una muestra de fuerza pol\u00edtica en el bulevar Manuel \u00c1vila Camacho, donde simpatizantes del partido pintaron de naranja la zona. Lo acompa\u00f1aron Belem Palmeros, candidata a la alcald\u00eda de Veracruz, y Ra\u00fal Zarrabal, aspirante en Boca del R\u00edo. El evento reuni\u00f3 a j\u00f3venes, familias y liderazgos del partido, consolidando la presencia de Movimiento Ciudadano en una de las regiones clave del estado.<\/p>\n\n\n\n<p><\/p>\n","protected":false},"excerpt":{"rendered":"<p>Durante su visita a la zona conurbada Veracruz\u2013Boca del R\u00edo, Jorge \u00c1lvarez M\u00e1ynez, coordinador nacional de Movimiento Ciudadano, denunci\u00f3 el [&hellip;]<\/p>\n","protected":false},"author":1,"featured_media":1122,"comment_status":"open","ping_status":"open","sticky":false,"template":"","format":"standard","meta":{"site-sidebar-layout":"default","site-content-layout":"","ast-site-content-layout":"","site-content-style":"default","site-sidebar-style":"default","ast-global-header-display":"","ast-banner-title-visibility":"","ast-main-header-display":"","ast-hfb-above-header-display":"","ast-hfb-below-header-display":"","ast-hfb-mobile-header-display":"","site-post-title":"","ast-breadcrumbs-content":"","ast-featured-img":"","footer-sml-layout":"","theme-transparent-header-meta":"","adv-header-id-meta":"","stick-header-meta":"","header-above-stick-meta":"","header-main-stick-meta":"","header-below-stick-meta":"","astra-migrate-meta-layouts":"default","ast-page-background-enabled":"default","ast-page-background-meta":{"desktop":{"background-color":"var(--ast-global-color-4)","background-image":"","background-repeat":"repeat","background-position":"center center","background-size":"auto","background-attachment":"scroll","background-type":"","background-media":"","overlay-type":"","overlay-color":"","overlay-opacity":"","overlay-gradient":""},"tablet":{"background-color":"","background-image":"","background-repeat":"repeat","background-position":"center center","background-size":"auto","background-attachment":"scroll","background-type":"","background-media":"","overlay-type":"","overlay-color":"","overlay-opacity":"","overlay-gradient":""},"mobile":{"background-color":"","background-image":"","background-repeat":"repeat","background-position":"center center","background-size":"auto","background-attachment":"scroll","background-type":"","background-media":"","overlay-type":"","overlay-color":"","overlay-opacity":"","overlay-gradient":""}},"ast-content-background-meta":{"desktop":{"background-color":"var(--ast-global-color-5)","background-image":"","background-repeat":"repeat","background-position":"center center","background-size":"auto","background-attachment":"scroll","background-type":"","background-media":"","overlay-type":"","overlay-color":"","overlay-opacity":"","overlay-gradient":""},"tablet":{"background-color":"var(--ast-global-color-5)","background-image":"","background-repeat":"repeat","background-position":"center center","background-size":"auto","background-attachment":"scroll","background-type":"","background-media":"","overlay-type":"","overlay-color":"","overlay-opacity":"","overlay-gradient":""},"mobile":{"background-color":"var(--ast-global-color-5)","background-image":"","background-repeat":"repeat","background-position":"center center","background-size":"auto","background-attachment":"scroll","background-type":"","background-media":"","overlay-type":"","overlay-color":"","overlay-opacity":"","overlay-gradient":""}},"footnotes":""},"categories":[1],"tags":[],"class_list":["post-1120","post","type-post","status-publish","format-standard","has-post-thumbnail","hentry","category-uncategorized"],"yoast_head":"<!-- This site is optimized with the Yoast SEO plugin v24.1 - https:\/\/yoast.com\/wordpress\/plugins\/seo\/ -->\n<title>M\u00e1ynez alza la voz en Veracruz y denuncia presi\u00f3n del gobierno estatal - M\u00e9xico Noticias<\/title>\n<meta name=\"robots\" content=\"index, follow, max-snippet:-1, max-image-preview:large, max-video-preview:-1\" \/>\n<link rel=\"canonical\" href=\"https:\/\/mexiconoticias.net\/index.php\/2025\/05\/06\/maynez-alza-la-voz-en-veracruz-y-denuncia-presion-del-gobierno-estatal\/\" \/>\n<meta property=\"og:locale\" content=\"es_MX\" \/>\n<meta property=\"og:type\" content=\"article\" \/>\n<meta property=\"og:title\" content=\"M\u00e1ynez alza la voz en Veracruz y denuncia presi\u00f3n del gobierno estatal - M\u00e9xico Noticias\" \/>\n<meta property=\"og:description\" content=\"Durante su visita a la zona conurbada Veracruz\u2013Boca del R\u00edo, Jorge \u00c1lvarez M\u00e1ynez, coordinador nacional de Movimiento Ciudadano, denunci\u00f3 el [&hellip;]\" \/>\n<meta property=\"og:url\" content=\"https:\/\/mexiconoticias.net\/index.php\/2025\/05\/06\/maynez-alza-la-voz-en-veracruz-y-denuncia-presion-del-gobierno-estatal\/\" \/>\n<meta property=\"og:site_name\" content=\"M\u00e9xico Noticias\" \/>\n<meta property=\"article:published_time\" content=\"2025-05-06T21:28:22+00:00\" \/>\n<meta property=\"article:modified_time\" content=\"2025-05-06T21:30:27+00:00\" \/>\n<meta property=\"og:image\" content=\"https:\/\/mexiconoticias.net\/wp-content\/uploads\/2025\/05\/may.webp\" \/>\n\t<meta property=\"og:image:width\" content=\"768\" \/>\n\t<meta property=\"og:image:height\" content=\"432\" \/>\n\t<meta property=\"og:image:type\" content=\"image\/webp\" \/>\n<meta name=\"author\" content=\"admin\" \/>\n<meta name=\"twitter:card\" content=\"summary_large_image\" \/>\n<meta name=\"twitter:label1\" content=\"Escrito por\" \/>\n\t<meta name=\"twitter:data1\" content=\"admin\" \/>\n\t<meta name=\"twitter:label2\" content=\"Tiempo de lectura\" \/>\n\t<meta name=\"twitter:data2\" content=\"1 minuto\" \/>\n<script type=\"application\/ld+json\" class=\"yoast-schema-graph\">{\"@context\":\"https:\/\/schema.org\",\"@graph\":[{\"@type\":\"Article\",\"@id\":\"https:\/\/mexiconoticias.net\/index.php\/2025\/05\/06\/maynez-alza-la-voz-en-veracruz-y-denuncia-presion-del-gobierno-estatal\/#article\",\"isPartOf\":{\"@id\":\"https:\/\/mexiconoticias.net\/index.php\/2025\/05\/06\/maynez-alza-la-voz-en-veracruz-y-denuncia-presion-del-gobierno-estatal\/\"},\"author\":{\"name\":\"admin\",\"@id\":\"https:\/\/mexiconoticias.net\/#\/schema\/person\/a00208b3b9fd28047cd184b7168ae083\"},\"headline\":\"M\u00e1ynez alza la voz en Veracruz y denuncia presi\u00f3n del gobierno estatal\",\"datePublished\":\"2025-05-06T21:28:22+00:00\",\"dateModified\":\"2025-05-06T21:30:27+00:00\",\"mainEntityOfPage\":{\"@id\":\"https:\/\/mexiconoticias.net\/index.php\/2025\/05\/06\/maynez-alza-la-voz-en-veracruz-y-denuncia-presion-del-gobierno-estatal\/\"},\"wordCount\":183,\"commentCount\":0,\"publisher\":{\"@id\":\"https:\/\/mexiconoticias.net\/#organization\"},\"image\":{\"@id\":\"https:\/\/mexiconoticias.net\/index.php\/2025\/05\/06\/maynez-alza-la-voz-en-veracruz-y-denuncia-presion-del-gobierno-estatal\/#primaryimage\"},\"thumbnailUrl\":\"https:\/\/mexiconoticias.net\/wp-content\/uploads\/2025\/05\/may.webp\",\"articleSection\":[\"Uncategorized\"],\"inLanguage\":\"es\",\"potentialAction\":[{\"@type\":\"CommentAction\",\"name\":\"Comment\",\"target\":[\"https:\/\/mexiconoticias.net\/index.php\/2025\/05\/06\/maynez-alza-la-voz-en-veracruz-y-denuncia-presion-del-gobierno-estatal\/#respond\"]}]},{\"@type\":\"WebPage\",\"@id\":\"https:\/\/mexiconoticias.net\/index.php\/2025\/05\/06\/maynez-alza-la-voz-en-veracruz-y-denuncia-presion-del-gobierno-estatal\/\",\"url\":\"https:\/\/mexiconoticias.net\/index.php\/2025\/05\/06\/maynez-alza-la-voz-en-veracruz-y-denuncia-presion-del-gobierno-estatal\/\",\"name\":\"M\u00e1ynez alza la voz en Veracruz y denuncia presi\u00f3n del gobierno estatal - M\u00e9xico Noticias\",\"isPartOf\":{\"@id\":\"https:\/\/mexiconoticias.net\/#website\"},\"primaryImageOfPage\":{\"@id\":\"https:\/\/mexiconoticias.net\/index.php\/2025\/05\/06\/maynez-alza-la-voz-en-veracruz-y-denuncia-presion-del-gobierno-estatal\/#primaryimage\"},\"image\":{\"@id\":\"https:\/\/mexiconoticias.net\/index.php\/2025\/05\/06\/maynez-alza-la-voz-en-veracruz-y-denuncia-presion-del-gobierno-estatal\/#primaryimage\"},\"thumbnailUrl\":\"https:\/\/mexiconoticias.net\/wp-content\/uploads\/2025\/05\/may.webp\",\"datePublished\":\"2025-05-06T21:28:22+00:00\",\"dateModified\":\"2025-05-06T21:30:27+00:00\",\"breadcrumb\":{\"@id\":\"https:\/\/mexiconoticias.net\/index.php\/2025\/05\/06\/maynez-alza-la-voz-en-veracruz-y-denuncia-presion-del-gobierno-estatal\/#breadcrumb\"},\"inLanguage\":\"es\",\"potentialAction\":[{\"@type\":\"ReadAction\",\"target\":[\"https:\/\/mexiconoticias.net\/index.php\/2025\/05\/06\/maynez-alza-la-voz-en-veracruz-y-denuncia-presion-del-gobierno-estatal\/\"]}]},{\"@type\":\"ImageObject\",\"inLanguage\":\"es\",\"@id\":\"https:\/\/mexiconoticias.net\/index.php\/2025\/05\/06\/maynez-alza-la-voz-en-veracruz-y-denuncia-presion-del-gobierno-estatal\/#primaryimage\",\"url\":\"https:\/\/mexiconoticias.net\/wp-content\/uploads\/2025\/05\/may.webp\",\"contentUrl\":\"https:\/\/mexiconoticias.net\/wp-content\/uploads\/2025\/05\/may.webp\",\"width\":768,\"height\":432},{\"@type\":\"BreadcrumbList\",\"@id\":\"https:\/\/mexiconoticias.net\/index.php\/2025\/05\/06\/maynez-alza-la-voz-en-veracruz-y-denuncia-presion-del-gobierno-estatal\/#breadcrumb\",\"itemListElement\":[{\"@type\":\"ListItem\",\"position\":1,\"name\":\"Inicio\",\"item\":\"https:\/\/mexiconoticias.net\/\"},{\"@type\":\"ListItem\",\"position\":2,\"name\":\"M\u00e1ynez alza la voz en Veracruz y denuncia presi\u00f3n del gobierno estatal\"}]},{\"@type\":\"WebSite\",\"@id\":\"https:\/\/mexiconoticias.net\/#website\",\"url\":\"https:\/\/mexiconoticias.net\/\",\"name\":\"M\u00e9xico Noticias\",\"description\":\"\",\"publisher\":{\"@id\":\"https:\/\/mexiconoticias.net\/#organization\"},\"potentialAction\":[{\"@type\":\"SearchAction\",\"target\":{\"@type\":\"EntryPoint\",\"urlTemplate\":\"https:\/\/mexiconoticias.net\/?s={search_term_string}\"},\"query-input\":{\"@type\":\"PropertyValueSpecification\",\"valueRequired\":true,\"valueName\":\"search_term_string\"}}],\"inLanguage\":\"es\"},{\"@type\":\"Organization\",\"@id\":\"https:\/\/mexiconoticias.net\/#organization\",\"name\":\"M\u00e9xico Noticias\",\"url\":\"https:\/\/mexiconoticias.net\/\",\"logo\":{\"@type\":\"ImageObject\",\"inLanguage\":\"es\",\"@id\":\"https:\/\/mexiconoticias.net\/#\/schema\/logo\/image\/\",\"url\":\"https:\/\/mexiconoticias.net\/wp-content\/uploads\/2024\/12\/mnnb.png\",\"contentUrl\":\"https:\/\/mexiconoticias.net\/wp-content\/uploads\/2024\/12\/mnnb.png\",\"width\":556,\"height\":246,\"caption\":\"M\u00e9xico Noticias\"},\"image\":{\"@id\":\"https:\/\/mexiconoticias.net\/#\/schema\/logo\/image\/\"}},{\"@type\":\"Person\",\"@id\":\"https:\/\/mexiconoticias.net\/#\/schema\/person\/a00208b3b9fd28047cd184b7168ae083\",\"name\":\"admin\",\"image\":{\"@type\":\"ImageObject\",\"inLanguage\":\"es\",\"@id\":\"https:\/\/mexiconoticias.net\/#\/schema\/person\/image\/\",\"url\":\"https:\/\/secure.gravatar.com\/avatar\/d6d3b9110f970ece0b451bc8cff830790cf8c9d5d49a1a41f2d2f57a0b42a564?s=96&d=mm&r=g\",\"contentUrl\":\"https:\/\/secure.gravatar.com\/avatar\/d6d3b9110f970ece0b451bc8cff830790cf8c9d5d49a1a41f2d2f57a0b42a564?s=96&d=mm&r=g\",\"caption\":\"admin\"},\"sameAs\":[\"https:\/\/mexiconoticias.net\"],\"url\":\"https:\/\/mexiconoticias.net\/index.php\/author\/wp_useradmin_mexnoticias\/\"}]}<\/script>\n<!-- \/ Yoast SEO plugin. -->","yoast_head_json":{"title":"M\u00e1ynez alza la voz en Veracruz y denuncia presi\u00f3n del gobierno estatal - M\u00e9xico Noticias","robots":{"index":"index","follow":"follow","max-snippet":"max-snippet:-1","max-image-preview":"max-image-preview:large","max-video-preview":"max-video-preview:-1"},"canonical":"https:\/\/mexiconoticias.net\/index.php\/2025\/05\/06\/maynez-alza-la-voz-en-veracruz-y-denuncia-presion-del-gobierno-estatal\/","og_locale":"es_MX","og_type":"article","og_title":"M\u00e1ynez alza la voz en Veracruz y denuncia presi\u00f3n del gobierno estatal - M\u00e9xico Noticias","og_description":"Durante su visita a la zona conurbada Veracruz\u2013Boca del R\u00edo, Jorge \u00c1lvarez M\u00e1ynez, coordinador nacional de Movimiento Ciudadano, denunci\u00f3 el [&hellip;]","og_url":"https:\/\/mexiconoticias.net\/index.php\/2025\/05\/06\/maynez-alza-la-voz-en-veracruz-y-denuncia-presion-del-gobierno-estatal\/","og_site_name":"M\u00e9xico Noticias","article_published_time":"2025-05-06T21:28:22+00:00","article_modified_time":"2025-05-06T21:30:27+00:00","og_image":[{"width":768,"height":432,"url":"https:\/\/mexiconoticias.net\/wp-content\/uploads\/2025\/05\/may.webp","type":"image\/webp"}],"author":"admin","twitter_card":"summary_large_image","twitter_misc":{"Escrito por":"admin","Tiempo de lectura":"1 minuto"},"schema":{"@context":"https:\/\/schema.org","@graph":[{"@type":"Article","@id":"https:\/\/mexiconoticias.net\/index.php\/2025\/05\/06\/maynez-alza-la-voz-en-veracruz-y-denuncia-presion-del-gobierno-estatal\/#article","isPartOf":{"@id":"https:\/\/mexiconoticias.net\/index.php\/2025\/05\/06\/maynez-alza-la-voz-en-veracruz-y-denuncia-presion-del-gobierno-estatal\/"},"author":{"name":"admin","@id":"https:\/\/mexiconoticias.net\/#\/schema\/person\/a00208b3b9fd28047cd184b7168ae083"},"headline":"M\u00e1ynez alza la voz en Veracruz y denuncia presi\u00f3n del gobierno estatal","datePublished":"2025-05-06T21:28:22+00:00","dateModified":"2025-05-06T21:30:27+00:00","mainEntityOfPage":{"@id":"https:\/\/mexiconoticias.net\/index.php\/2025\/05\/06\/maynez-alza-la-voz-en-veracruz-y-denuncia-presion-del-gobierno-estatal\/"},"wordCount":183,"commentCount":0,"publisher":{"@id":"https:\/\/mexiconoticias.net\/#organization"},"image":{"@id":"https:\/\/mexiconoticias.net\/index.php\/2025\/05\/06\/maynez-alza-la-voz-en-veracruz-y-denuncia-presion-del-gobierno-estatal\/#primaryimage"},"thumbnailUrl":"https:\/\/mexiconoticias.net\/wp-content\/uploads\/2025\/05\/may.webp","articleSection":["Uncategorized"],"inLanguage":"es","potentialAction":[{"@type":"CommentAction","name":"Comment","target":["https:\/\/mexiconoticias.net\/index.php\/2025\/05\/06\/maynez-alza-la-voz-en-veracruz-y-denuncia-presion-del-gobierno-estatal\/#respond"]}]},{"@type":"WebPage","@id":"https:\/\/mexiconoticias.net\/index.php\/2025\/05\/06\/maynez-alza-la-voz-en-veracruz-y-denuncia-presion-del-gobierno-estatal\/","url":"https:\/\/mexiconoticias.net\/index.php\/2025\/05\/06\/maynez-alza-la-voz-en-veracruz-y-denuncia-presion-del-gobierno-estatal\/","name":"M\u00e1ynez alza la voz en Veracruz y denuncia presi\u00f3n del gobierno estatal - M\u00e9xico Noticias","isPartOf":{"@id":"https:\/\/mexiconoticias.net\/#website"},"primaryImageOfPage":{"@id":"https:\/\/mexiconoticias.net\/index.php\/2025\/05\/06\/maynez-alza-la-voz-en-veracruz-y-denuncia-presion-del-gobierno-estatal\/#primaryimage"},"image":{"@id":"https:\/\/mexiconoticias.net\/index.php\/2025\/05\/06\/maynez-alza-la-voz-en-veracruz-y-denuncia-presion-del-gobierno-estatal\/#primaryimage"},"thumbnailUrl":"https:\/\/mexiconoticias.net\/wp-content\/uploads\/2025\/05\/may.webp","datePublished":"2025-05-06T21:28:22+00:00","dateModified":"2025-05-06T21:30:27+00:00","breadcrumb":{"@id":"https:\/\/mexiconoticias.net\/index.php\/2025\/05\/06\/maynez-alza-la-voz-en-veracruz-y-denuncia-presion-del-gobierno-estatal\/#breadcrumb"},"inLanguage":"es","potentialAction":[{"@type":"ReadAction","target":["https:\/\/mexiconoticias.net\/index.php\/2025\/05\/06\/maynez-alza-la-voz-en-veracruz-y-denuncia-presion-del-gobierno-estatal\/"]}]},{"@type":"ImageObject","inLanguage":"es","@id":"https:\/\/mexiconoticias.net\/index.php\/2025\/05\/06\/maynez-alza-la-voz-en-veracruz-y-denuncia-presion-del-gobierno-estatal\/#primaryimage","url":"https:\/\/mexiconoticias.net\/wp-content\/uploads\/2025\/05\/may.webp","contentUrl":"https:\/\/mexiconoticias.net\/wp-content\/uploads\/2025\/05\/may.webp","width":768,"height":432},{"@type":"BreadcrumbList","@id":"https:\/\/mexiconoticias.net\/index.php\/2025\/05\/06\/maynez-alza-la-voz-en-veracruz-y-denuncia-presion-del-gobierno-estatal\/#breadcrumb","itemListElement":[{"@type":"ListItem","position":1,"name":"Inicio","item":"https:\/\/mexiconoticias.net\/"},{"@type":"ListItem","position":2,"name":"M\u00e1ynez alza la voz en Veracruz y denuncia presi\u00f3n del gobierno estatal"}]},{"@type":"WebSite","@id":"https:\/\/mexiconoticias.net\/#website","url":"https:\/\/mexiconoticias.net\/","name":"M\u00e9xico Noticias","description":"","publisher":{"@id":"https:\/\/mexiconoticias.net\/#organization"},"potentialAction":[{"@type":"SearchAction","target":{"@type":"EntryPoint","urlTemplate":"https:\/\/mexiconoticias.net\/?s={search_term_string}"},"query-input":{"@type":"PropertyValueSpecification","valueRequired":true,"valueName":"search_term_string"}}],"inLanguage":"es"},{"@type":"Organization","@id":"https:\/\/mexiconoticias.net\/#organization","name":"M\u00e9xico Noticias","url":"https:\/\/mexiconoticias.net\/","logo":{"@type":"ImageObject","inLanguage":"es","@id":"https:\/\/mexiconoticias.net\/#\/schema\/logo\/image\/","url":"https:\/\/mexiconoticias.net\/wp-content\/uploads\/2024\/12\/mnnb.png","contentUrl":"https:\/\/mexiconoticias.net\/wp-content\/uploads\/2024\/12\/mnnb.png","width":556,"height":246,"caption":"M\u00e9xico Noticias"},"image":{"@id":"https:\/\/mexiconoticias.net\/#\/schema\/logo\/image\/"}},{"@type":"Person","@id":"https:\/\/mexiconoticias.net\/#\/schema\/person\/a00208b3b9fd28047cd184b7168ae083","name":"admin","image":{"@type":"ImageObject","inLanguage":"es","@id":"https:\/\/mexiconoticias.net\/#\/schema\/person\/image\/","url":"https:\/\/secure.gravatar.com\/avatar\/d6d3b9110f970ece0b451bc8cff830790cf8c9d5d49a1a41f2d2f57a0b42a564?s=96&d=mm&r=g","contentUrl":"https:\/\/secure.gravatar.com\/avatar\/d6d3b9110f970ece0b451bc8cff830790cf8c9d5d49a1a41f2d2f57a0b42a564?s=96&d=mm&r=g","caption":"admin"},"sameAs":["https:\/\/mexiconoticias.net"],"url":"https:\/\/mexiconoticias.net\/index.php\/author\/wp_useradmin_mexnoticias\/"}]}},"_links":{"self":[{"href":"https:\/\/mexiconoticias.net\/index.php\/wp-json\/wp\/v2\/posts\/1120","targetHints":{"allow":["GET"]}}],"collection":[{"href":"https:\/\/mexiconoticias.net\/index.php\/wp-json\/wp\/v2\/posts"}],"about":[{"href":"https:\/\/mexiconoticias.net\/index.php\/wp-json\/wp\/v2\/types\/post"}],"author":[{"embeddable":true,"href":"https:\/\/mexiconoticias.net\/index.php\/wp-json\/wp\/v2\/users\/1"}],"replies":[{"embeddable":true,"href":"https:\/\/mexiconoticias.net\/index.php\/wp-json\/wp\/v2\/comments?post=1120"}],"version-history":[{"count":1,"href":"https:\/\/mexiconoticias.net\/index.php\/wp-json\/wp\/v2\/posts\/1120\/revisions"}],"predecessor-version":[{"id":1121,"href":"https:\/\/mexiconoticias.net\/index.php\/wp-json\/wp\/v2\/posts\/1120\/revisions\/1121"}],"wp:featuredmedia":[{"embeddable":true,"href":"https:\/\/mexiconoticias.net\/index.php\/wp-json\/wp\/v2\/media\/1122"}],"wp:attachment":[{"href":"https:\/\/mexiconoticias.net\/index.php\/wp-json\/wp\/v2\/media?parent=1120"}],"wp:term":[{"taxonomy":"category","embeddable":true,"href":"https:\/\/mexiconoticias.net\/index.php\/wp-json\/wp\/v2\/categories?post=1120"},{"taxonomy":"post_tag","embeddable":true,"href":"https:\/\/mexiconoticias.net\/index.php\/wp-json\/wp\/v2\/tags?post=1120"}],"curies":[{"name":"wp","href":"https:\/\/api.w.org\/{rel}","templated":true}]}}