{"id":540,"date":"2025-01-10T22:27:29","date_gmt":"2025-01-10T22:27:29","guid":{"rendered":"https:\/\/mexiconoticias.net\/?p=540"},"modified":"2025-01-10T22:27:30","modified_gmt":"2025-01-10T22:27:30","slug":"alejandro-fernandez-dona-dinero-a-victimas-de-incendios-en-los-angeles-empece-mi-carrera-en-usa","status":"publish","type":"post","link":"https:\/\/mexiconoticias.net\/index.php\/2025\/01\/10\/alejandro-fernandez-dona-dinero-a-victimas-de-incendios-en-los-angeles-empece-mi-carrera-en-usa\/","title":{"rendered":"Alejandro Fern\u00e1ndez dona dinero a v\u00edctimas de incendios en Los \u00c1ngeles: \u201cEmpec\u00e9 mi carrera en USA\u201d"},"content":{"rendered":"\n<p>El cantante Alejandro Fern\u00e1ndez anunci\u00f3 en Instagram que ha realizado un donativo para apoyar a las v\u00edctimas de los incendios en Los \u00c1ngeles, ciudad que considera fundamental en el inicio de su carrera musical. Con m\u00e1s de 4.8 millones de seguidores, \u201cEl Potrillo\u201d expres\u00f3 su tristeza por las p\u00e9rdidas humanas y materiales, reconociendo la valent\u00eda de los bomberos que arriesgan sus vidas para controlar el fuego.<\/p>\n\n\n\n<p>\u201cEmpec\u00e9 mi carrera en USA, en Los \u00c1ngeles. Hoy hice un donativo para ayudar a los afectados y a los bomberos\u201d, coment\u00f3, invitando tambi\u00e9n a sus seguidores a colaborar dentro de sus posibilidades. Para el hijo de Vicente Fern\u00e1ndez, este es un momento para mostrar fuerza y solidaridad, no solo con la ciudad que lo vio despegar profesionalmente, sino con quienes sufren las consecuencias de los siniestros.<\/p>\n","protected":false},"excerpt":{"rendered":"<p>El cantante Alejandro Fern\u00e1ndez anunci\u00f3 en Instagram que ha realizado un donativo para apoyar a las v\u00edctimas de los incendios [&hellip;]<\/p>\n","protected":false},"author":1,"featured_media":541,"comment_status":"open","ping_status":"open","sticky":false,"template":"","format":"standard","meta":{"site-sidebar-layout":"default","site-content-layout":"","ast-site-content-layout":"","site-content-style":"default","site-sidebar-style":"default","ast-global-header-display":"","ast-banner-title-visibility":"","ast-main-header-display":"","ast-hfb-above-header-display":"","ast-hfb-below-header-display":"","ast-hfb-mobile-header-display":"","site-post-title":"","ast-breadcrumbs-content":"","ast-featured-img":"","footer-sml-layout":"","theme-transparent-header-meta":"","adv-header-id-meta":"","stick-header-meta":"","header-above-stick-meta":"","header-main-stick-meta":"","header-below-stick-meta":"","astra-migrate-meta-layouts":"default","ast-page-background-enabled":"default","ast-page-background-meta":{"desktop":{"background-color":"var(--ast-global-color-4)","background-image":"","background-repeat":"repeat","background-position":"center center","background-size":"auto","background-attachment":"scroll","background-type":"","background-media":"","overlay-type":"","overlay-color":"","overlay-opacity":"","overlay-gradient":""},"tablet":{"background-color":"","background-image":"","background-repeat":"repeat","background-position":"center center","background-size":"auto","background-attachment":"scroll","background-type":"","background-media":"","overlay-type":"","overlay-color":"","overlay-opacity":"","overlay-gradient":""},"mobile":{"background-color":"","background-image":"","background-repeat":"repeat","background-position":"center center","background-size":"auto","background-attachment":"scroll","background-type":"","background-media":"","overlay-type":"","overlay-color":"","overlay-opacity":"","overlay-gradient":""}},"ast-content-background-meta":{"desktop":{"background-color":"var(--ast-global-color-5)","background-image":"","background-repeat":"repeat","background-position":"center center","background-size":"auto","background-attachment":"scroll","background-type":"","background-media":"","overlay-type":"","overlay-color":"","overlay-opacity":"","overlay-gradient":""},"tablet":{"background-color":"var(--ast-global-color-5)","background-image":"","background-repeat":"repeat","background-position":"center center","background-size":"auto","background-attachment":"scroll","background-type":"","background-media":"","overlay-type":"","overlay-color":"","overlay-opacity":"","overlay-gradient":""},"mobile":{"background-color":"var(--ast-global-color-5)","background-image":"","background-repeat":"repeat","background-position":"center center","background-size":"auto","background-attachment":"scroll","background-type":"","background-media":"","overlay-type":"","overlay-color":"","overlay-opacity":"","overlay-gradient":""}},"footnotes":""},"categories":[10],"tags":[],"class_list":["post-540","post","type-post","status-publish","format-standard","has-post-thumbnail","hentry","category-entretenimiento"],"yoast_head":"<!-- This site is optimized with the Yoast SEO plugin v24.1 - https:\/\/yoast.com\/wordpress\/plugins\/seo\/ -->\n<title>Alejandro Fern\u00e1ndez dona dinero a v\u00edctimas de incendios en Los \u00c1ngeles: \u201cEmpec\u00e9 mi carrera en USA\u201d - M\u00e9xico Noticias<\/title>\n<meta name=\"robots\" content=\"index, follow, max-snippet:-1, max-image-preview:large, max-video-preview:-1\" \/>\n<link rel=\"canonical\" href=\"https:\/\/mexiconoticias.net\/index.php\/2025\/01\/10\/alejandro-fernandez-dona-dinero-a-victimas-de-incendios-en-los-angeles-empece-mi-carrera-en-usa\/\" \/>\n<meta property=\"og:locale\" content=\"es_MX\" \/>\n<meta property=\"og:type\" content=\"article\" \/>\n<meta property=\"og:title\" content=\"Alejandro Fern\u00e1ndez dona dinero a v\u00edctimas de incendios en Los \u00c1ngeles: \u201cEmpec\u00e9 mi carrera en USA\u201d - M\u00e9xico Noticias\" \/>\n<meta property=\"og:description\" content=\"El cantante Alejandro Fern\u00e1ndez anunci\u00f3 en Instagram que ha realizado un donativo para apoyar a las v\u00edctimas de los incendios [&hellip;]\" \/>\n<meta property=\"og:url\" content=\"https:\/\/mexiconoticias.net\/index.php\/2025\/01\/10\/alejandro-fernandez-dona-dinero-a-victimas-de-incendios-en-los-angeles-empece-mi-carrera-en-usa\/\" \/>\n<meta property=\"og:site_name\" content=\"M\u00e9xico Noticias\" \/>\n<meta property=\"article:published_time\" content=\"2025-01-10T22:27:29+00:00\" \/>\n<meta property=\"article:modified_time\" content=\"2025-01-10T22:27:30+00:00\" \/>\n<meta property=\"og:image\" content=\"https:\/\/mexiconoticias.net\/wp-content\/uploads\/2025\/01\/ale.webp\" \/>\n\t<meta property=\"og:image:width\" content=\"942\" \/>\n\t<meta property=\"og:image:height\" content=\"532\" \/>\n\t<meta property=\"og:image:type\" content=\"image\/webp\" \/>\n<meta name=\"author\" content=\"admin\" \/>\n<meta name=\"twitter:card\" content=\"summary_large_image\" \/>\n<meta name=\"twitter:label1\" content=\"Escrito por\" \/>\n\t<meta name=\"twitter:data1\" content=\"admin\" \/>\n\t<meta name=\"twitter:label2\" content=\"Tiempo de lectura\" \/>\n\t<meta name=\"twitter:data2\" content=\"1 minuto\" \/>\n<script type=\"application\/ld+json\" class=\"yoast-schema-graph\">{\"@context\":\"https:\/\/schema.org\",\"@graph\":[{\"@type\":\"Article\",\"@id\":\"https:\/\/mexiconoticias.net\/index.php\/2025\/01\/10\/alejandro-fernandez-dona-dinero-a-victimas-de-incendios-en-los-angeles-empece-mi-carrera-en-usa\/#article\",\"isPartOf\":{\"@id\":\"https:\/\/mexiconoticias.net\/index.php\/2025\/01\/10\/alejandro-fernandez-dona-dinero-a-victimas-de-incendios-en-los-angeles-empece-mi-carrera-en-usa\/\"},\"author\":{\"name\":\"admin\",\"@id\":\"https:\/\/mexiconoticias.net\/#\/schema\/person\/a00208b3b9fd28047cd184b7168ae083\"},\"headline\":\"Alejandro Fern\u00e1ndez dona dinero a v\u00edctimas de incendios en Los \u00c1ngeles: \u201cEmpec\u00e9 mi carrera en USA\u201d\",\"datePublished\":\"2025-01-10T22:27:29+00:00\",\"dateModified\":\"2025-01-10T22:27:30+00:00\",\"mainEntityOfPage\":{\"@id\":\"https:\/\/mexiconoticias.net\/index.php\/2025\/01\/10\/alejandro-fernandez-dona-dinero-a-victimas-de-incendios-en-los-angeles-empece-mi-carrera-en-usa\/\"},\"wordCount\":157,\"commentCount\":0,\"publisher\":{\"@id\":\"https:\/\/mexiconoticias.net\/#organization\"},\"image\":{\"@id\":\"https:\/\/mexiconoticias.net\/index.php\/2025\/01\/10\/alejandro-fernandez-dona-dinero-a-victimas-de-incendios-en-los-angeles-empece-mi-carrera-en-usa\/#primaryimage\"},\"thumbnailUrl\":\"https:\/\/mexiconoticias.net\/wp-content\/uploads\/2025\/01\/ale.webp\",\"articleSection\":[\"Entretenimiento\"],\"inLanguage\":\"es\",\"potentialAction\":[{\"@type\":\"CommentAction\",\"name\":\"Comment\",\"target\":[\"https:\/\/mexiconoticias.net\/index.php\/2025\/01\/10\/alejandro-fernandez-dona-dinero-a-victimas-de-incendios-en-los-angeles-empece-mi-carrera-en-usa\/#respond\"]}]},{\"@type\":\"WebPage\",\"@id\":\"https:\/\/mexiconoticias.net\/index.php\/2025\/01\/10\/alejandro-fernandez-dona-dinero-a-victimas-de-incendios-en-los-angeles-empece-mi-carrera-en-usa\/\",\"url\":\"https:\/\/mexiconoticias.net\/index.php\/2025\/01\/10\/alejandro-fernandez-dona-dinero-a-victimas-de-incendios-en-los-angeles-empece-mi-carrera-en-usa\/\",\"name\":\"Alejandro Fern\u00e1ndez dona dinero a v\u00edctimas de incendios en Los \u00c1ngeles: \u201cEmpec\u00e9 mi carrera en USA\u201d - M\u00e9xico Noticias\",\"isPartOf\":{\"@id\":\"https:\/\/mexiconoticias.net\/#website\"},\"primaryImageOfPage\":{\"@id\":\"https:\/\/mexiconoticias.net\/index.php\/2025\/01\/10\/alejandro-fernandez-dona-dinero-a-victimas-de-incendios-en-los-angeles-empece-mi-carrera-en-usa\/#primaryimage\"},\"image\":{\"@id\":\"https:\/\/mexiconoticias.net\/index.php\/2025\/01\/10\/alejandro-fernandez-dona-dinero-a-victimas-de-incendios-en-los-angeles-empece-mi-carrera-en-usa\/#primaryimage\"},\"thumbnailUrl\":\"https:\/\/mexiconoticias.net\/wp-content\/uploads\/2025\/01\/ale.webp\",\"datePublished\":\"2025-01-10T22:27:29+00:00\",\"dateModified\":\"2025-01-10T22:27:30+00:00\",\"breadcrumb\":{\"@id\":\"https:\/\/mexiconoticias.net\/index.php\/2025\/01\/10\/alejandro-fernandez-dona-dinero-a-victimas-de-incendios-en-los-angeles-empece-mi-carrera-en-usa\/#breadcrumb\"},\"inLanguage\":\"es\",\"potentialAction\":[{\"@type\":\"ReadAction\",\"target\":[\"https:\/\/mexiconoticias.net\/index.php\/2025\/01\/10\/alejandro-fernandez-dona-dinero-a-victimas-de-incendios-en-los-angeles-empece-mi-carrera-en-usa\/\"]}]},{\"@type\":\"ImageObject\",\"inLanguage\":\"es\",\"@id\":\"https:\/\/mexiconoticias.net\/index.php\/2025\/01\/10\/alejandro-fernandez-dona-dinero-a-victimas-de-incendios-en-los-angeles-empece-mi-carrera-en-usa\/#primaryimage\",\"url\":\"https:\/\/mexiconoticias.net\/wp-content\/uploads\/2025\/01\/ale.webp\",\"contentUrl\":\"https:\/\/mexiconoticias.net\/wp-content\/uploads\/2025\/01\/ale.webp\",\"width\":942,\"height\":532},{\"@type\":\"BreadcrumbList\",\"@id\":\"https:\/\/mexiconoticias.net\/index.php\/2025\/01\/10\/alejandro-fernandez-dona-dinero-a-victimas-de-incendios-en-los-angeles-empece-mi-carrera-en-usa\/#breadcrumb\",\"itemListElement\":[{\"@type\":\"ListItem\",\"position\":1,\"name\":\"Inicio\",\"item\":\"https:\/\/mexiconoticias.net\/\"},{\"@type\":\"ListItem\",\"position\":2,\"name\":\"Alejandro Fern\u00e1ndez dona dinero a v\u00edctimas de incendios en Los \u00c1ngeles: \u201cEmpec\u00e9 mi carrera en USA\u201d\"}]},{\"@type\":\"WebSite\",\"@id\":\"https:\/\/mexiconoticias.net\/#website\",\"url\":\"https:\/\/mexiconoticias.net\/\",\"name\":\"M\u00e9xico Noticias\",\"description\":\"\",\"publisher\":{\"@id\":\"https:\/\/mexiconoticias.net\/#organization\"},\"potentialAction\":[{\"@type\":\"SearchAction\",\"target\":{\"@type\":\"EntryPoint\",\"urlTemplate\":\"https:\/\/mexiconoticias.net\/?s={search_term_string}\"},\"query-input\":{\"@type\":\"PropertyValueSpecification\",\"valueRequired\":true,\"valueName\":\"search_term_string\"}}],\"inLanguage\":\"es\"},{\"@type\":\"Organization\",\"@id\":\"https:\/\/mexiconoticias.net\/#organization\",\"name\":\"M\u00e9xico Noticias\",\"url\":\"https:\/\/mexiconoticias.net\/\",\"logo\":{\"@type\":\"ImageObject\",\"inLanguage\":\"es\",\"@id\":\"https:\/\/mexiconoticias.net\/#\/schema\/logo\/image\/\",\"url\":\"https:\/\/mexiconoticias.net\/wp-content\/uploads\/2024\/12\/mnnb.png\",\"contentUrl\":\"https:\/\/mexiconoticias.net\/wp-content\/uploads\/2024\/12\/mnnb.png\",\"width\":556,\"height\":246,\"caption\":\"M\u00e9xico Noticias\"},\"image\":{\"@id\":\"https:\/\/mexiconoticias.net\/#\/schema\/logo\/image\/\"}},{\"@type\":\"Person\",\"@id\":\"https:\/\/mexiconoticias.net\/#\/schema\/person\/a00208b3b9fd28047cd184b7168ae083\",\"name\":\"admin\",\"image\":{\"@type\":\"ImageObject\",\"inLanguage\":\"es\",\"@id\":\"https:\/\/mexiconoticias.net\/#\/schema\/person\/image\/\",\"url\":\"https:\/\/secure.gravatar.com\/avatar\/d6d3b9110f970ece0b451bc8cff830790cf8c9d5d49a1a41f2d2f57a0b42a564?s=96&d=mm&r=g\",\"contentUrl\":\"https:\/\/secure.gravatar.com\/avatar\/d6d3b9110f970ece0b451bc8cff830790cf8c9d5d49a1a41f2d2f57a0b42a564?s=96&d=mm&r=g\",\"caption\":\"admin\"},\"sameAs\":[\"https:\/\/mexiconoticias.net\"],\"url\":\"https:\/\/mexiconoticias.net\/index.php\/author\/wp_useradmin_mexnoticias\/\"}]}<\/script>\n<!-- \/ Yoast SEO plugin. -->","yoast_head_json":{"title":"Alejandro Fern\u00e1ndez dona dinero a v\u00edctimas de incendios en Los \u00c1ngeles: \u201cEmpec\u00e9 mi carrera en USA\u201d - M\u00e9xico Noticias","robots":{"index":"index","follow":"follow","max-snippet":"max-snippet:-1","max-image-preview":"max-image-preview:large","max-video-preview":"max-video-preview:-1"},"canonical":"https:\/\/mexiconoticias.net\/index.php\/2025\/01\/10\/alejandro-fernandez-dona-dinero-a-victimas-de-incendios-en-los-angeles-empece-mi-carrera-en-usa\/","og_locale":"es_MX","og_type":"article","og_title":"Alejandro Fern\u00e1ndez dona dinero a v\u00edctimas de incendios en Los \u00c1ngeles: \u201cEmpec\u00e9 mi carrera en USA\u201d - M\u00e9xico Noticias","og_description":"El cantante Alejandro Fern\u00e1ndez anunci\u00f3 en Instagram que ha realizado un donativo para apoyar a las v\u00edctimas de los incendios [&hellip;]","og_url":"https:\/\/mexiconoticias.net\/index.php\/2025\/01\/10\/alejandro-fernandez-dona-dinero-a-victimas-de-incendios-en-los-angeles-empece-mi-carrera-en-usa\/","og_site_name":"M\u00e9xico Noticias","article_published_time":"2025-01-10T22:27:29+00:00","article_modified_time":"2025-01-10T22:27:30+00:00","og_image":[{"width":942,"height":532,"url":"https:\/\/mexiconoticias.net\/wp-content\/uploads\/2025\/01\/ale.webp","type":"image\/webp"}],"author":"admin","twitter_card":"summary_large_image","twitter_misc":{"Escrito por":"admin","Tiempo de lectura":"1 minuto"},"schema":{"@context":"https:\/\/schema.org","@graph":[{"@type":"Article","@id":"https:\/\/mexiconoticias.net\/index.php\/2025\/01\/10\/alejandro-fernandez-dona-dinero-a-victimas-de-incendios-en-los-angeles-empece-mi-carrera-en-usa\/#article","isPartOf":{"@id":"https:\/\/mexiconoticias.net\/index.php\/2025\/01\/10\/alejandro-fernandez-dona-dinero-a-victimas-de-incendios-en-los-angeles-empece-mi-carrera-en-usa\/"},"author":{"name":"admin","@id":"https:\/\/mexiconoticias.net\/#\/schema\/person\/a00208b3b9fd28047cd184b7168ae083"},"headline":"Alejandro Fern\u00e1ndez dona dinero a v\u00edctimas de incendios en Los \u00c1ngeles: \u201cEmpec\u00e9 mi carrera en USA\u201d","datePublished":"2025-01-10T22:27:29+00:00","dateModified":"2025-01-10T22:27:30+00:00","mainEntityOfPage":{"@id":"https:\/\/mexiconoticias.net\/index.php\/2025\/01\/10\/alejandro-fernandez-dona-dinero-a-victimas-de-incendios-en-los-angeles-empece-mi-carrera-en-usa\/"},"wordCount":157,"commentCount":0,"publisher":{"@id":"https:\/\/mexiconoticias.net\/#organization"},"image":{"@id":"https:\/\/mexiconoticias.net\/index.php\/2025\/01\/10\/alejandro-fernandez-dona-dinero-a-victimas-de-incendios-en-los-angeles-empece-mi-carrera-en-usa\/#primaryimage"},"thumbnailUrl":"https:\/\/mexiconoticias.net\/wp-content\/uploads\/2025\/01\/ale.webp","articleSection":["Entretenimiento"],"inLanguage":"es","potentialAction":[{"@type":"CommentAction","name":"Comment","target":["https:\/\/mexiconoticias.net\/index.php\/2025\/01\/10\/alejandro-fernandez-dona-dinero-a-victimas-de-incendios-en-los-angeles-empece-mi-carrera-en-usa\/#respond"]}]},{"@type":"WebPage","@id":"https:\/\/mexiconoticias.net\/index.php\/2025\/01\/10\/alejandro-fernandez-dona-dinero-a-victimas-de-incendios-en-los-angeles-empece-mi-carrera-en-usa\/","url":"https:\/\/mexiconoticias.net\/index.php\/2025\/01\/10\/alejandro-fernandez-dona-dinero-a-victimas-de-incendios-en-los-angeles-empece-mi-carrera-en-usa\/","name":"Alejandro Fern\u00e1ndez dona dinero a v\u00edctimas de incendios en Los \u00c1ngeles: \u201cEmpec\u00e9 mi carrera en USA\u201d - M\u00e9xico Noticias","isPartOf":{"@id":"https:\/\/mexiconoticias.net\/#website"},"primaryImageOfPage":{"@id":"https:\/\/mexiconoticias.net\/index.php\/2025\/01\/10\/alejandro-fernandez-dona-dinero-a-victimas-de-incendios-en-los-angeles-empece-mi-carrera-en-usa\/#primaryimage"},"image":{"@id":"https:\/\/mexiconoticias.net\/index.php\/2025\/01\/10\/alejandro-fernandez-dona-dinero-a-victimas-de-incendios-en-los-angeles-empece-mi-carrera-en-usa\/#primaryimage"},"thumbnailUrl":"https:\/\/mexiconoticias.net\/wp-content\/uploads\/2025\/01\/ale.webp","datePublished":"2025-01-10T22:27:29+00:00","dateModified":"2025-01-10T22:27:30+00:00","breadcrumb":{"@id":"https:\/\/mexiconoticias.net\/index.php\/2025\/01\/10\/alejandro-fernandez-dona-dinero-a-victimas-de-incendios-en-los-angeles-empece-mi-carrera-en-usa\/#breadcrumb"},"inLanguage":"es","potentialAction":[{"@type":"ReadAction","target":["https:\/\/mexiconoticias.net\/index.php\/2025\/01\/10\/alejandro-fernandez-dona-dinero-a-victimas-de-incendios-en-los-angeles-empece-mi-carrera-en-usa\/"]}]},{"@type":"ImageObject","inLanguage":"es","@id":"https:\/\/mexiconoticias.net\/index.php\/2025\/01\/10\/alejandro-fernandez-dona-dinero-a-victimas-de-incendios-en-los-angeles-empece-mi-carrera-en-usa\/#primaryimage","url":"https:\/\/mexiconoticias.net\/wp-content\/uploads\/2025\/01\/ale.webp","contentUrl":"https:\/\/mexiconoticias.net\/wp-content\/uploads\/2025\/01\/ale.webp","width":942,"height":532},{"@type":"BreadcrumbList","@id":"https:\/\/mexiconoticias.net\/index.php\/2025\/01\/10\/alejandro-fernandez-dona-dinero-a-victimas-de-incendios-en-los-angeles-empece-mi-carrera-en-usa\/#breadcrumb","itemListElement":[{"@type":"ListItem","position":1,"name":"Inicio","item":"https:\/\/mexiconoticias.net\/"},{"@type":"ListItem","position":2,"name":"Alejandro Fern\u00e1ndez dona dinero a v\u00edctimas de incendios en Los \u00c1ngeles: \u201cEmpec\u00e9 mi carrera en USA\u201d"}]},{"@type":"WebSite","@id":"https:\/\/mexiconoticias.net\/#website","url":"https:\/\/mexiconoticias.net\/","name":"M\u00e9xico Noticias","description":"","publisher":{"@id":"https:\/\/mexiconoticias.net\/#organization"},"potentialAction":[{"@type":"SearchAction","target":{"@type":"EntryPoint","urlTemplate":"https:\/\/mexiconoticias.net\/?s={search_term_string}"},"query-input":{"@type":"PropertyValueSpecification","valueRequired":true,"valueName":"search_term_string"}}],"inLanguage":"es"},{"@type":"Organization","@id":"https:\/\/mexiconoticias.net\/#organization","name":"M\u00e9xico Noticias","url":"https:\/\/mexiconoticias.net\/","logo":{"@type":"ImageObject","inLanguage":"es","@id":"https:\/\/mexiconoticias.net\/#\/schema\/logo\/image\/","url":"https:\/\/mexiconoticias.net\/wp-content\/uploads\/2024\/12\/mnnb.png","contentUrl":"https:\/\/mexiconoticias.net\/wp-content\/uploads\/2024\/12\/mnnb.png","width":556,"height":246,"caption":"M\u00e9xico Noticias"},"image":{"@id":"https:\/\/mexiconoticias.net\/#\/schema\/logo\/image\/"}},{"@type":"Person","@id":"https:\/\/mexiconoticias.net\/#\/schema\/person\/a00208b3b9fd28047cd184b7168ae083","name":"admin","image":{"@type":"ImageObject","inLanguage":"es","@id":"https:\/\/mexiconoticias.net\/#\/schema\/person\/image\/","url":"https:\/\/secure.gravatar.com\/avatar\/d6d3b9110f970ece0b451bc8cff830790cf8c9d5d49a1a41f2d2f57a0b42a564?s=96&d=mm&r=g","contentUrl":"https:\/\/secure.gravatar.com\/avatar\/d6d3b9110f970ece0b451bc8cff830790cf8c9d5d49a1a41f2d2f57a0b42a564?s=96&d=mm&r=g","caption":"admin"},"sameAs":["https:\/\/mexiconoticias.net"],"url":"https:\/\/mexiconoticias.net\/index.php\/author\/wp_useradmin_mexnoticias\/"}]}},"_links":{"self":[{"href":"https:\/\/mexiconoticias.net\/index.php\/wp-json\/wp\/v2\/posts\/540","targetHints":{"allow":["GET"]}}],"collection":[{"href":"https:\/\/mexiconoticias.net\/index.php\/wp-json\/wp\/v2\/posts"}],"about":[{"href":"https:\/\/mexiconoticias.net\/index.php\/wp-json\/wp\/v2\/types\/post"}],"author":[{"embeddable":true,"href":"https:\/\/mexiconoticias.net\/index.php\/wp-json\/wp\/v2\/users\/1"}],"replies":[{"embeddable":true,"href":"https:\/\/mexiconoticias.net\/index.php\/wp-json\/wp\/v2\/comments?post=540"}],"version-history":[{"count":1,"href":"https:\/\/mexiconoticias.net\/index.php\/wp-json\/wp\/v2\/posts\/540\/revisions"}],"predecessor-version":[{"id":542,"href":"https:\/\/mexiconoticias.net\/index.php\/wp-json\/wp\/v2\/posts\/540\/revisions\/542"}],"wp:featuredmedia":[{"embeddable":true,"href":"https:\/\/mexiconoticias.net\/index.php\/wp-json\/wp\/v2\/media\/541"}],"wp:attachment":[{"href":"https:\/\/mexiconoticias.net\/index.php\/wp-json\/wp\/v2\/media?parent=540"}],"wp:term":[{"taxonomy":"category","embeddable":true,"href":"https:\/\/mexiconoticias.net\/index.php\/wp-json\/wp\/v2\/categories?post=540"},{"taxonomy":"post_tag","embeddable":true,"href":"https:\/\/mexiconoticias.net\/index.php\/wp-json\/wp\/v2\/tags?post=540"}],"curies":[{"name":"wp","href":"https:\/\/api.w.org\/{rel}","templated":true}]}}