{"id":597,"date":"2025-01-16T21:28:39","date_gmt":"2025-01-16T21:28:39","guid":{"rendered":"https:\/\/mexiconoticias.net\/?p=597"},"modified":"2025-01-16T21:28:40","modified_gmt":"2025-01-16T21:28:40","slug":"eder-alonso-inaugura-exposicion-2025-en-el-mucecch","status":"publish","type":"post","link":"https:\/\/mexiconoticias.net\/index.php\/2025\/01\/16\/eder-alonso-inaugura-exposicion-2025-en-el-mucecch\/","title":{"rendered":"Eder Alonso inaugura exposici\u00f3n 2025 en el MUCEcCH"},"content":{"rendered":"\n<p>El alcalde Eder Alonso Guti\u00e9rrez invita a la comunidad a la primera muestra temporal del 2025 en el Museo Centro Cultural del Chinelo (MUCEcCH). Se trata de \u201cTODO\u201d, una exposici\u00f3n colectiva de artistas guerrerenses, concebida poco despu\u00e9s del paso del hurac\u00e1n Otis en 2023 y ya exhibida en tres ciudades alemanas.<\/p>\n\n\n\n<p>\u201cTODO\u201d plantea reflexiones sobre la percepci\u00f3n individual y colectiva, reforzando los lazos culturales entre el estado de Guerrero y Morelos. La inauguraci\u00f3n est\u00e1 programada para el pr\u00f3ximo jueves 16 de enero a las 18:00 horas, marcando un nuevo hito en la vinculaci\u00f3n cultural del municipio y poniendo al arte como un medio para el di\u00e1logo y el entendimiento mutuo.<\/p>\n","protected":false},"excerpt":{"rendered":"<p>El alcalde Eder Alonso Guti\u00e9rrez invita a la comunidad a la primera muestra temporal del 2025 en el Museo Centro [&hellip;]<\/p>\n","protected":false},"author":1,"featured_media":598,"comment_status":"open","ping_status":"open","sticky":false,"template":"","format":"standard","meta":{"site-sidebar-layout":"default","site-content-layout":"","ast-site-content-layout":"","site-content-style":"default","site-sidebar-style":"default","ast-global-header-display":"","ast-banner-title-visibility":"","ast-main-header-display":"","ast-hfb-above-header-display":"","ast-hfb-below-header-display":"","ast-hfb-mobile-header-display":"","site-post-title":"","ast-breadcrumbs-content":"","ast-featured-img":"","footer-sml-layout":"","theme-transparent-header-meta":"","adv-header-id-meta":"","stick-header-meta":"","header-above-stick-meta":"","header-main-stick-meta":"","header-below-stick-meta":"","astra-migrate-meta-layouts":"default","ast-page-background-enabled":"default","ast-page-background-meta":{"desktop":{"background-color":"var(--ast-global-color-4)","background-image":"","background-repeat":"repeat","background-position":"center center","background-size":"auto","background-attachment":"scroll","background-type":"","background-media":"","overlay-type":"","overlay-color":"","overlay-opacity":"","overlay-gradient":""},"tablet":{"background-color":"","background-image":"","background-repeat":"repeat","background-position":"center center","background-size":"auto","background-attachment":"scroll","background-type":"","background-media":"","overlay-type":"","overlay-color":"","overlay-opacity":"","overlay-gradient":""},"mobile":{"background-color":"","background-image":"","background-repeat":"repeat","background-position":"center center","background-size":"auto","background-attachment":"scroll","background-type":"","background-media":"","overlay-type":"","overlay-color":"","overlay-opacity":"","overlay-gradient":""}},"ast-content-background-meta":{"desktop":{"background-color":"var(--ast-global-color-5)","background-image":"","background-repeat":"repeat","background-position":"center center","background-size":"auto","background-attachment":"scroll","background-type":"","background-media":"","overlay-type":"","overlay-color":"","overlay-opacity":"","overlay-gradient":""},"tablet":{"background-color":"var(--ast-global-color-5)","background-image":"","background-repeat":"repeat","background-position":"center center","background-size":"auto","background-attachment":"scroll","background-type":"","background-media":"","overlay-type":"","overlay-color":"","overlay-opacity":"","overlay-gradient":""},"mobile":{"background-color":"var(--ast-global-color-5)","background-image":"","background-repeat":"repeat","background-position":"center center","background-size":"auto","background-attachment":"scroll","background-type":"","background-media":"","overlay-type":"","overlay-color":"","overlay-opacity":"","overlay-gradient":""}},"footnotes":""},"categories":[1],"tags":[],"class_list":["post-597","post","type-post","status-publish","format-standard","has-post-thumbnail","hentry","category-uncategorized"],"yoast_head":"<!-- This site is optimized with the Yoast SEO plugin v24.1 - https:\/\/yoast.com\/wordpress\/plugins\/seo\/ -->\n<title>Eder Alonso inaugura exposici\u00f3n 2025 en el MUCEcCH - M\u00e9xico Noticias<\/title>\n<meta name=\"robots\" content=\"index, follow, max-snippet:-1, max-image-preview:large, max-video-preview:-1\" \/>\n<link rel=\"canonical\" href=\"https:\/\/mexiconoticias.net\/index.php\/2025\/01\/16\/eder-alonso-inaugura-exposicion-2025-en-el-mucecch\/\" \/>\n<meta property=\"og:locale\" content=\"es_MX\" \/>\n<meta property=\"og:type\" content=\"article\" \/>\n<meta property=\"og:title\" content=\"Eder Alonso inaugura exposici\u00f3n 2025 en el MUCEcCH - M\u00e9xico Noticias\" \/>\n<meta property=\"og:description\" content=\"El alcalde Eder Alonso Guti\u00e9rrez invita a la comunidad a la primera muestra temporal del 2025 en el Museo Centro [&hellip;]\" \/>\n<meta property=\"og:url\" content=\"https:\/\/mexiconoticias.net\/index.php\/2025\/01\/16\/eder-alonso-inaugura-exposicion-2025-en-el-mucecch\/\" \/>\n<meta property=\"og:site_name\" content=\"M\u00e9xico Noticias\" \/>\n<meta property=\"article:published_time\" content=\"2025-01-16T21:28:39+00:00\" \/>\n<meta property=\"article:modified_time\" content=\"2025-01-16T21:28:40+00:00\" \/>\n<meta property=\"og:image\" content=\"https:\/\/mexiconoticias.net\/wp-content\/uploads\/2025\/01\/eder-2.webp\" \/>\n\t<meta property=\"og:image:width\" content=\"2500\" \/>\n\t<meta property=\"og:image:height\" content=\"1398\" \/>\n\t<meta property=\"og:image:type\" content=\"image\/webp\" \/>\n<meta name=\"author\" content=\"admin\" \/>\n<meta name=\"twitter:card\" content=\"summary_large_image\" \/>\n<meta name=\"twitter:label1\" content=\"Escrito por\" \/>\n\t<meta name=\"twitter:data1\" content=\"admin\" \/>\n\t<meta name=\"twitter:label2\" content=\"Tiempo de lectura\" \/>\n\t<meta name=\"twitter:data2\" content=\"1 minuto\" \/>\n<script type=\"application\/ld+json\" class=\"yoast-schema-graph\">{\"@context\":\"https:\/\/schema.org\",\"@graph\":[{\"@type\":\"Article\",\"@id\":\"https:\/\/mexiconoticias.net\/index.php\/2025\/01\/16\/eder-alonso-inaugura-exposicion-2025-en-el-mucecch\/#article\",\"isPartOf\":{\"@id\":\"https:\/\/mexiconoticias.net\/index.php\/2025\/01\/16\/eder-alonso-inaugura-exposicion-2025-en-el-mucecch\/\"},\"author\":{\"name\":\"admin\",\"@id\":\"https:\/\/mexiconoticias.net\/#\/schema\/person\/a00208b3b9fd28047cd184b7168ae083\"},\"headline\":\"Eder Alonso inaugura exposici\u00f3n 2025 en el MUCEcCH\",\"datePublished\":\"2025-01-16T21:28:39+00:00\",\"dateModified\":\"2025-01-16T21:28:40+00:00\",\"mainEntityOfPage\":{\"@id\":\"https:\/\/mexiconoticias.net\/index.php\/2025\/01\/16\/eder-alonso-inaugura-exposicion-2025-en-el-mucecch\/\"},\"wordCount\":123,\"commentCount\":0,\"publisher\":{\"@id\":\"https:\/\/mexiconoticias.net\/#organization\"},\"image\":{\"@id\":\"https:\/\/mexiconoticias.net\/index.php\/2025\/01\/16\/eder-alonso-inaugura-exposicion-2025-en-el-mucecch\/#primaryimage\"},\"thumbnailUrl\":\"https:\/\/mexiconoticias.net\/wp-content\/uploads\/2025\/01\/eder-2.webp\",\"articleSection\":[\"Uncategorized\"],\"inLanguage\":\"es\",\"potentialAction\":[{\"@type\":\"CommentAction\",\"name\":\"Comment\",\"target\":[\"https:\/\/mexiconoticias.net\/index.php\/2025\/01\/16\/eder-alonso-inaugura-exposicion-2025-en-el-mucecch\/#respond\"]}]},{\"@type\":\"WebPage\",\"@id\":\"https:\/\/mexiconoticias.net\/index.php\/2025\/01\/16\/eder-alonso-inaugura-exposicion-2025-en-el-mucecch\/\",\"url\":\"https:\/\/mexiconoticias.net\/index.php\/2025\/01\/16\/eder-alonso-inaugura-exposicion-2025-en-el-mucecch\/\",\"name\":\"Eder Alonso inaugura exposici\u00f3n 2025 en el MUCEcCH - M\u00e9xico Noticias\",\"isPartOf\":{\"@id\":\"https:\/\/mexiconoticias.net\/#website\"},\"primaryImageOfPage\":{\"@id\":\"https:\/\/mexiconoticias.net\/index.php\/2025\/01\/16\/eder-alonso-inaugura-exposicion-2025-en-el-mucecch\/#primaryimage\"},\"image\":{\"@id\":\"https:\/\/mexiconoticias.net\/index.php\/2025\/01\/16\/eder-alonso-inaugura-exposicion-2025-en-el-mucecch\/#primaryimage\"},\"thumbnailUrl\":\"https:\/\/mexiconoticias.net\/wp-content\/uploads\/2025\/01\/eder-2.webp\",\"datePublished\":\"2025-01-16T21:28:39+00:00\",\"dateModified\":\"2025-01-16T21:28:40+00:00\",\"breadcrumb\":{\"@id\":\"https:\/\/mexiconoticias.net\/index.php\/2025\/01\/16\/eder-alonso-inaugura-exposicion-2025-en-el-mucecch\/#breadcrumb\"},\"inLanguage\":\"es\",\"potentialAction\":[{\"@type\":\"ReadAction\",\"target\":[\"https:\/\/mexiconoticias.net\/index.php\/2025\/01\/16\/eder-alonso-inaugura-exposicion-2025-en-el-mucecch\/\"]}]},{\"@type\":\"ImageObject\",\"inLanguage\":\"es\",\"@id\":\"https:\/\/mexiconoticias.net\/index.php\/2025\/01\/16\/eder-alonso-inaugura-exposicion-2025-en-el-mucecch\/#primaryimage\",\"url\":\"https:\/\/mexiconoticias.net\/wp-content\/uploads\/2025\/01\/eder-2.webp\",\"contentUrl\":\"https:\/\/mexiconoticias.net\/wp-content\/uploads\/2025\/01\/eder-2.webp\",\"width\":2500,\"height\":1398},{\"@type\":\"BreadcrumbList\",\"@id\":\"https:\/\/mexiconoticias.net\/index.php\/2025\/01\/16\/eder-alonso-inaugura-exposicion-2025-en-el-mucecch\/#breadcrumb\",\"itemListElement\":[{\"@type\":\"ListItem\",\"position\":1,\"name\":\"Inicio\",\"item\":\"https:\/\/mexiconoticias.net\/\"},{\"@type\":\"ListItem\",\"position\":2,\"name\":\"Eder Alonso inaugura exposici\u00f3n 2025 en el MUCEcCH\"}]},{\"@type\":\"WebSite\",\"@id\":\"https:\/\/mexiconoticias.net\/#website\",\"url\":\"https:\/\/mexiconoticias.net\/\",\"name\":\"M\u00e9xico Noticias\",\"description\":\"\",\"publisher\":{\"@id\":\"https:\/\/mexiconoticias.net\/#organization\"},\"potentialAction\":[{\"@type\":\"SearchAction\",\"target\":{\"@type\":\"EntryPoint\",\"urlTemplate\":\"https:\/\/mexiconoticias.net\/?s={search_term_string}\"},\"query-input\":{\"@type\":\"PropertyValueSpecification\",\"valueRequired\":true,\"valueName\":\"search_term_string\"}}],\"inLanguage\":\"es\"},{\"@type\":\"Organization\",\"@id\":\"https:\/\/mexiconoticias.net\/#organization\",\"name\":\"M\u00e9xico Noticias\",\"url\":\"https:\/\/mexiconoticias.net\/\",\"logo\":{\"@type\":\"ImageObject\",\"inLanguage\":\"es\",\"@id\":\"https:\/\/mexiconoticias.net\/#\/schema\/logo\/image\/\",\"url\":\"https:\/\/mexiconoticias.net\/wp-content\/uploads\/2024\/12\/mnnb.png\",\"contentUrl\":\"https:\/\/mexiconoticias.net\/wp-content\/uploads\/2024\/12\/mnnb.png\",\"width\":556,\"height\":246,\"caption\":\"M\u00e9xico Noticias\"},\"image\":{\"@id\":\"https:\/\/mexiconoticias.net\/#\/schema\/logo\/image\/\"}},{\"@type\":\"Person\",\"@id\":\"https:\/\/mexiconoticias.net\/#\/schema\/person\/a00208b3b9fd28047cd184b7168ae083\",\"name\":\"admin\",\"image\":{\"@type\":\"ImageObject\",\"inLanguage\":\"es\",\"@id\":\"https:\/\/mexiconoticias.net\/#\/schema\/person\/image\/\",\"url\":\"https:\/\/secure.gravatar.com\/avatar\/d6d3b9110f970ece0b451bc8cff830790cf8c9d5d49a1a41f2d2f57a0b42a564?s=96&d=mm&r=g\",\"contentUrl\":\"https:\/\/secure.gravatar.com\/avatar\/d6d3b9110f970ece0b451bc8cff830790cf8c9d5d49a1a41f2d2f57a0b42a564?s=96&d=mm&r=g\",\"caption\":\"admin\"},\"sameAs\":[\"https:\/\/mexiconoticias.net\"],\"url\":\"https:\/\/mexiconoticias.net\/index.php\/author\/wp_useradmin_mexnoticias\/\"}]}<\/script>\n<!-- \/ Yoast SEO plugin. -->","yoast_head_json":{"title":"Eder Alonso inaugura exposici\u00f3n 2025 en el MUCEcCH - M\u00e9xico Noticias","robots":{"index":"index","follow":"follow","max-snippet":"max-snippet:-1","max-image-preview":"max-image-preview:large","max-video-preview":"max-video-preview:-1"},"canonical":"https:\/\/mexiconoticias.net\/index.php\/2025\/01\/16\/eder-alonso-inaugura-exposicion-2025-en-el-mucecch\/","og_locale":"es_MX","og_type":"article","og_title":"Eder Alonso inaugura exposici\u00f3n 2025 en el MUCEcCH - M\u00e9xico Noticias","og_description":"El alcalde Eder Alonso Guti\u00e9rrez invita a la comunidad a la primera muestra temporal del 2025 en el Museo Centro [&hellip;]","og_url":"https:\/\/mexiconoticias.net\/index.php\/2025\/01\/16\/eder-alonso-inaugura-exposicion-2025-en-el-mucecch\/","og_site_name":"M\u00e9xico Noticias","article_published_time":"2025-01-16T21:28:39+00:00","article_modified_time":"2025-01-16T21:28:40+00:00","og_image":[{"width":2500,"height":1398,"url":"https:\/\/mexiconoticias.net\/wp-content\/uploads\/2025\/01\/eder-2.webp","type":"image\/webp"}],"author":"admin","twitter_card":"summary_large_image","twitter_misc":{"Escrito por":"admin","Tiempo de lectura":"1 minuto"},"schema":{"@context":"https:\/\/schema.org","@graph":[{"@type":"Article","@id":"https:\/\/mexiconoticias.net\/index.php\/2025\/01\/16\/eder-alonso-inaugura-exposicion-2025-en-el-mucecch\/#article","isPartOf":{"@id":"https:\/\/mexiconoticias.net\/index.php\/2025\/01\/16\/eder-alonso-inaugura-exposicion-2025-en-el-mucecch\/"},"author":{"name":"admin","@id":"https:\/\/mexiconoticias.net\/#\/schema\/person\/a00208b3b9fd28047cd184b7168ae083"},"headline":"Eder Alonso inaugura exposici\u00f3n 2025 en el MUCEcCH","datePublished":"2025-01-16T21:28:39+00:00","dateModified":"2025-01-16T21:28:40+00:00","mainEntityOfPage":{"@id":"https:\/\/mexiconoticias.net\/index.php\/2025\/01\/16\/eder-alonso-inaugura-exposicion-2025-en-el-mucecch\/"},"wordCount":123,"commentCount":0,"publisher":{"@id":"https:\/\/mexiconoticias.net\/#organization"},"image":{"@id":"https:\/\/mexiconoticias.net\/index.php\/2025\/01\/16\/eder-alonso-inaugura-exposicion-2025-en-el-mucecch\/#primaryimage"},"thumbnailUrl":"https:\/\/mexiconoticias.net\/wp-content\/uploads\/2025\/01\/eder-2.webp","articleSection":["Uncategorized"],"inLanguage":"es","potentialAction":[{"@type":"CommentAction","name":"Comment","target":["https:\/\/mexiconoticias.net\/index.php\/2025\/01\/16\/eder-alonso-inaugura-exposicion-2025-en-el-mucecch\/#respond"]}]},{"@type":"WebPage","@id":"https:\/\/mexiconoticias.net\/index.php\/2025\/01\/16\/eder-alonso-inaugura-exposicion-2025-en-el-mucecch\/","url":"https:\/\/mexiconoticias.net\/index.php\/2025\/01\/16\/eder-alonso-inaugura-exposicion-2025-en-el-mucecch\/","name":"Eder Alonso inaugura exposici\u00f3n 2025 en el MUCEcCH - M\u00e9xico Noticias","isPartOf":{"@id":"https:\/\/mexiconoticias.net\/#website"},"primaryImageOfPage":{"@id":"https:\/\/mexiconoticias.net\/index.php\/2025\/01\/16\/eder-alonso-inaugura-exposicion-2025-en-el-mucecch\/#primaryimage"},"image":{"@id":"https:\/\/mexiconoticias.net\/index.php\/2025\/01\/16\/eder-alonso-inaugura-exposicion-2025-en-el-mucecch\/#primaryimage"},"thumbnailUrl":"https:\/\/mexiconoticias.net\/wp-content\/uploads\/2025\/01\/eder-2.webp","datePublished":"2025-01-16T21:28:39+00:00","dateModified":"2025-01-16T21:28:40+00:00","breadcrumb":{"@id":"https:\/\/mexiconoticias.net\/index.php\/2025\/01\/16\/eder-alonso-inaugura-exposicion-2025-en-el-mucecch\/#breadcrumb"},"inLanguage":"es","potentialAction":[{"@type":"ReadAction","target":["https:\/\/mexiconoticias.net\/index.php\/2025\/01\/16\/eder-alonso-inaugura-exposicion-2025-en-el-mucecch\/"]}]},{"@type":"ImageObject","inLanguage":"es","@id":"https:\/\/mexiconoticias.net\/index.php\/2025\/01\/16\/eder-alonso-inaugura-exposicion-2025-en-el-mucecch\/#primaryimage","url":"https:\/\/mexiconoticias.net\/wp-content\/uploads\/2025\/01\/eder-2.webp","contentUrl":"https:\/\/mexiconoticias.net\/wp-content\/uploads\/2025\/01\/eder-2.webp","width":2500,"height":1398},{"@type":"BreadcrumbList","@id":"https:\/\/mexiconoticias.net\/index.php\/2025\/01\/16\/eder-alonso-inaugura-exposicion-2025-en-el-mucecch\/#breadcrumb","itemListElement":[{"@type":"ListItem","position":1,"name":"Inicio","item":"https:\/\/mexiconoticias.net\/"},{"@type":"ListItem","position":2,"name":"Eder Alonso inaugura exposici\u00f3n 2025 en el MUCEcCH"}]},{"@type":"WebSite","@id":"https:\/\/mexiconoticias.net\/#website","url":"https:\/\/mexiconoticias.net\/","name":"M\u00e9xico Noticias","description":"","publisher":{"@id":"https:\/\/mexiconoticias.net\/#organization"},"potentialAction":[{"@type":"SearchAction","target":{"@type":"EntryPoint","urlTemplate":"https:\/\/mexiconoticias.net\/?s={search_term_string}"},"query-input":{"@type":"PropertyValueSpecification","valueRequired":true,"valueName":"search_term_string"}}],"inLanguage":"es"},{"@type":"Organization","@id":"https:\/\/mexiconoticias.net\/#organization","name":"M\u00e9xico Noticias","url":"https:\/\/mexiconoticias.net\/","logo":{"@type":"ImageObject","inLanguage":"es","@id":"https:\/\/mexiconoticias.net\/#\/schema\/logo\/image\/","url":"https:\/\/mexiconoticias.net\/wp-content\/uploads\/2024\/12\/mnnb.png","contentUrl":"https:\/\/mexiconoticias.net\/wp-content\/uploads\/2024\/12\/mnnb.png","width":556,"height":246,"caption":"M\u00e9xico Noticias"},"image":{"@id":"https:\/\/mexiconoticias.net\/#\/schema\/logo\/image\/"}},{"@type":"Person","@id":"https:\/\/mexiconoticias.net\/#\/schema\/person\/a00208b3b9fd28047cd184b7168ae083","name":"admin","image":{"@type":"ImageObject","inLanguage":"es","@id":"https:\/\/mexiconoticias.net\/#\/schema\/person\/image\/","url":"https:\/\/secure.gravatar.com\/avatar\/d6d3b9110f970ece0b451bc8cff830790cf8c9d5d49a1a41f2d2f57a0b42a564?s=96&d=mm&r=g","contentUrl":"https:\/\/secure.gravatar.com\/avatar\/d6d3b9110f970ece0b451bc8cff830790cf8c9d5d49a1a41f2d2f57a0b42a564?s=96&d=mm&r=g","caption":"admin"},"sameAs":["https:\/\/mexiconoticias.net"],"url":"https:\/\/mexiconoticias.net\/index.php\/author\/wp_useradmin_mexnoticias\/"}]}},"_links":{"self":[{"href":"https:\/\/mexiconoticias.net\/index.php\/wp-json\/wp\/v2\/posts\/597","targetHints":{"allow":["GET"]}}],"collection":[{"href":"https:\/\/mexiconoticias.net\/index.php\/wp-json\/wp\/v2\/posts"}],"about":[{"href":"https:\/\/mexiconoticias.net\/index.php\/wp-json\/wp\/v2\/types\/post"}],"author":[{"embeddable":true,"href":"https:\/\/mexiconoticias.net\/index.php\/wp-json\/wp\/v2\/users\/1"}],"replies":[{"embeddable":true,"href":"https:\/\/mexiconoticias.net\/index.php\/wp-json\/wp\/v2\/comments?post=597"}],"version-history":[{"count":1,"href":"https:\/\/mexiconoticias.net\/index.php\/wp-json\/wp\/v2\/posts\/597\/revisions"}],"predecessor-version":[{"id":599,"href":"https:\/\/mexiconoticias.net\/index.php\/wp-json\/wp\/v2\/posts\/597\/revisions\/599"}],"wp:featuredmedia":[{"embeddable":true,"href":"https:\/\/mexiconoticias.net\/index.php\/wp-json\/wp\/v2\/media\/598"}],"wp:attachment":[{"href":"https:\/\/mexiconoticias.net\/index.php\/wp-json\/wp\/v2\/media?parent=597"}],"wp:term":[{"taxonomy":"category","embeddable":true,"href":"https:\/\/mexiconoticias.net\/index.php\/wp-json\/wp\/v2\/categories?post=597"},{"taxonomy":"post_tag","embeddable":true,"href":"https:\/\/mexiconoticias.net\/index.php\/wp-json\/wp\/v2\/tags?post=597"}],"curies":[{"name":"wp","href":"https:\/\/api.w.org\/{rel}","templated":true}]}}