{"id":702,"date":"2025-01-30T22:57:16","date_gmt":"2025-01-30T22:57:16","guid":{"rendered":"https:\/\/mexiconoticias.net\/?p=702"},"modified":"2025-01-30T22:57:18","modified_gmt":"2025-01-30T22:57:18","slug":"marlen-nieto-rinde-homenaje-a-policias-caidos-en-malinalco-y-llama-a-la-calma","status":"publish","type":"post","link":"https:\/\/mexiconoticias.net\/index.php\/2025\/01\/30\/marlen-nieto-rinde-homenaje-a-policias-caidos-en-malinalco-y-llama-a-la-calma\/","title":{"rendered":"Marlen Nieto rinde homenaje a polic\u00edas ca\u00eddos en Malinalco y llama a la calma"},"content":{"rendered":"\n<p>La alcaldesa de Malinalco, Marlen Nieto, encabez\u00f3 un emotivo homenaje a los polic\u00edas Giovanni L\u00f3pez Morales, \u00c1lvaro Jes\u00fas Trujillo V\u00e1squez y Gerardo Pacheco Cruz, asesinados en un ataque armado el martes por la noche. Familiares, amigos y autoridades se reunieron en el Palacio del Ayuntamiento para recordar su valent\u00eda y compromiso con la seguridad del municipio. \u201cCon orgullo y dedicaci\u00f3n hoy recordamos y honramos a nuestros h\u00e9roes, su servicio ser\u00e1 por siempre inspiraci\u00f3n para todos\u201d, expres\u00f3 Nieto.<\/p>\n\n\n\n<p>Ante la preocupaci\u00f3n ciudadana, la alcaldesa hizo un llamado a la calma y asegur\u00f3 que se est\u00e1n implementando estrategias de seguridad para restablecer la tranquilidad en la regi\u00f3n. La Secretar\u00eda de Seguridad del Estado de M\u00e9xico despleg\u00f3 200 elementos en Malinalco para reforzar la vigilancia, mientras Nieto reafirm\u00f3 su compromiso con la protecci\u00f3n de la ciudadan\u00eda y el respaldo a la corporaci\u00f3n municipal.<\/p>\n","protected":false},"excerpt":{"rendered":"<p>La alcaldesa de Malinalco, Marlen Nieto, encabez\u00f3 un emotivo homenaje a los polic\u00edas Giovanni L\u00f3pez Morales, \u00c1lvaro Jes\u00fas Trujillo V\u00e1squez [&hellip;]<\/p>\n","protected":false},"author":1,"featured_media":703,"comment_status":"open","ping_status":"open","sticky":false,"template":"","format":"standard","meta":{"site-sidebar-layout":"default","site-content-layout":"","ast-site-content-layout":"","site-content-style":"default","site-sidebar-style":"default","ast-global-header-display":"","ast-banner-title-visibility":"","ast-main-header-display":"","ast-hfb-above-header-display":"","ast-hfb-below-header-display":"","ast-hfb-mobile-header-display":"","site-post-title":"","ast-breadcrumbs-content":"","ast-featured-img":"","footer-sml-layout":"","theme-transparent-header-meta":"","adv-header-id-meta":"","stick-header-meta":"","header-above-stick-meta":"","header-main-stick-meta":"","header-below-stick-meta":"","astra-migrate-meta-layouts":"default","ast-page-background-enabled":"default","ast-page-background-meta":{"desktop":{"background-color":"var(--ast-global-color-4)","background-image":"","background-repeat":"repeat","background-position":"center center","background-size":"auto","background-attachment":"scroll","background-type":"","background-media":"","overlay-type":"","overlay-color":"","overlay-opacity":"","overlay-gradient":""},"tablet":{"background-color":"","background-image":"","background-repeat":"repeat","background-position":"center center","background-size":"auto","background-attachment":"scroll","background-type":"","background-media":"","overlay-type":"","overlay-color":"","overlay-opacity":"","overlay-gradient":""},"mobile":{"background-color":"","background-image":"","background-repeat":"repeat","background-position":"center center","background-size":"auto","background-attachment":"scroll","background-type":"","background-media":"","overlay-type":"","overlay-color":"","overlay-opacity":"","overlay-gradient":""}},"ast-content-background-meta":{"desktop":{"background-color":"var(--ast-global-color-5)","background-image":"","background-repeat":"repeat","background-position":"center center","background-size":"auto","background-attachment":"scroll","background-type":"","background-media":"","overlay-type":"","overlay-color":"","overlay-opacity":"","overlay-gradient":""},"tablet":{"background-color":"var(--ast-global-color-5)","background-image":"","background-repeat":"repeat","background-position":"center center","background-size":"auto","background-attachment":"scroll","background-type":"","background-media":"","overlay-type":"","overlay-color":"","overlay-opacity":"","overlay-gradient":""},"mobile":{"background-color":"var(--ast-global-color-5)","background-image":"","background-repeat":"repeat","background-position":"center center","background-size":"auto","background-attachment":"scroll","background-type":"","background-media":"","overlay-type":"","overlay-color":"","overlay-opacity":"","overlay-gradient":""}},"footnotes":""},"categories":[9],"tags":[],"class_list":["post-702","post","type-post","status-publish","format-standard","has-post-thumbnail","hentry","category-estados"],"yoast_head":"<!-- This site is optimized with the Yoast SEO plugin v24.1 - https:\/\/yoast.com\/wordpress\/plugins\/seo\/ -->\n<title>Marlen Nieto rinde homenaje a polic\u00edas ca\u00eddos en Malinalco y llama a la calma - M\u00e9xico Noticias<\/title>\n<meta name=\"robots\" content=\"index, follow, max-snippet:-1, max-image-preview:large, max-video-preview:-1\" \/>\n<link rel=\"canonical\" href=\"https:\/\/mexiconoticias.net\/index.php\/2025\/01\/30\/marlen-nieto-rinde-homenaje-a-policias-caidos-en-malinalco-y-llama-a-la-calma\/\" \/>\n<meta property=\"og:locale\" content=\"es_MX\" \/>\n<meta property=\"og:type\" content=\"article\" \/>\n<meta property=\"og:title\" content=\"Marlen Nieto rinde homenaje a polic\u00edas ca\u00eddos en Malinalco y llama a la calma - M\u00e9xico Noticias\" \/>\n<meta property=\"og:description\" content=\"La alcaldesa de Malinalco, Marlen Nieto, encabez\u00f3 un emotivo homenaje a los polic\u00edas Giovanni L\u00f3pez Morales, \u00c1lvaro Jes\u00fas Trujillo V\u00e1squez [&hellip;]\" \/>\n<meta property=\"og:url\" content=\"https:\/\/mexiconoticias.net\/index.php\/2025\/01\/30\/marlen-nieto-rinde-homenaje-a-policias-caidos-en-malinalco-y-llama-a-la-calma\/\" \/>\n<meta property=\"og:site_name\" content=\"M\u00e9xico Noticias\" \/>\n<meta property=\"article:published_time\" content=\"2025-01-30T22:57:16+00:00\" \/>\n<meta property=\"article:modified_time\" content=\"2025-01-30T22:57:18+00:00\" \/>\n<meta property=\"og:image\" content=\"https:\/\/mexiconoticias.net\/wp-content\/uploads\/2025\/01\/poli.webp\" \/>\n\t<meta property=\"og:image:width\" content=\"942\" \/>\n\t<meta property=\"og:image:height\" content=\"532\" \/>\n\t<meta property=\"og:image:type\" content=\"image\/webp\" \/>\n<meta name=\"author\" content=\"admin\" \/>\n<meta name=\"twitter:card\" content=\"summary_large_image\" \/>\n<meta name=\"twitter:label1\" content=\"Escrito por\" \/>\n\t<meta name=\"twitter:data1\" content=\"admin\" \/>\n\t<meta name=\"twitter:label2\" content=\"Tiempo de lectura\" \/>\n\t<meta name=\"twitter:data2\" content=\"1 minuto\" \/>\n<script type=\"application\/ld+json\" class=\"yoast-schema-graph\">{\"@context\":\"https:\/\/schema.org\",\"@graph\":[{\"@type\":\"Article\",\"@id\":\"https:\/\/mexiconoticias.net\/index.php\/2025\/01\/30\/marlen-nieto-rinde-homenaje-a-policias-caidos-en-malinalco-y-llama-a-la-calma\/#article\",\"isPartOf\":{\"@id\":\"https:\/\/mexiconoticias.net\/index.php\/2025\/01\/30\/marlen-nieto-rinde-homenaje-a-policias-caidos-en-malinalco-y-llama-a-la-calma\/\"},\"author\":{\"name\":\"admin\",\"@id\":\"https:\/\/mexiconoticias.net\/#\/schema\/person\/a00208b3b9fd28047cd184b7168ae083\"},\"headline\":\"Marlen Nieto rinde homenaje a polic\u00edas ca\u00eddos en Malinalco y llama a la calma\",\"datePublished\":\"2025-01-30T22:57:16+00:00\",\"dateModified\":\"2025-01-30T22:57:18+00:00\",\"mainEntityOfPage\":{\"@id\":\"https:\/\/mexiconoticias.net\/index.php\/2025\/01\/30\/marlen-nieto-rinde-homenaje-a-policias-caidos-en-malinalco-y-llama-a-la-calma\/\"},\"wordCount\":171,\"commentCount\":0,\"publisher\":{\"@id\":\"https:\/\/mexiconoticias.net\/#organization\"},\"image\":{\"@id\":\"https:\/\/mexiconoticias.net\/index.php\/2025\/01\/30\/marlen-nieto-rinde-homenaje-a-policias-caidos-en-malinalco-y-llama-a-la-calma\/#primaryimage\"},\"thumbnailUrl\":\"https:\/\/mexiconoticias.net\/wp-content\/uploads\/2025\/01\/poli.webp\",\"articleSection\":[\"Estados\"],\"inLanguage\":\"es\",\"potentialAction\":[{\"@type\":\"CommentAction\",\"name\":\"Comment\",\"target\":[\"https:\/\/mexiconoticias.net\/index.php\/2025\/01\/30\/marlen-nieto-rinde-homenaje-a-policias-caidos-en-malinalco-y-llama-a-la-calma\/#respond\"]}]},{\"@type\":\"WebPage\",\"@id\":\"https:\/\/mexiconoticias.net\/index.php\/2025\/01\/30\/marlen-nieto-rinde-homenaje-a-policias-caidos-en-malinalco-y-llama-a-la-calma\/\",\"url\":\"https:\/\/mexiconoticias.net\/index.php\/2025\/01\/30\/marlen-nieto-rinde-homenaje-a-policias-caidos-en-malinalco-y-llama-a-la-calma\/\",\"name\":\"Marlen Nieto rinde homenaje a polic\u00edas ca\u00eddos en Malinalco y llama a la calma - M\u00e9xico Noticias\",\"isPartOf\":{\"@id\":\"https:\/\/mexiconoticias.net\/#website\"},\"primaryImageOfPage\":{\"@id\":\"https:\/\/mexiconoticias.net\/index.php\/2025\/01\/30\/marlen-nieto-rinde-homenaje-a-policias-caidos-en-malinalco-y-llama-a-la-calma\/#primaryimage\"},\"image\":{\"@id\":\"https:\/\/mexiconoticias.net\/index.php\/2025\/01\/30\/marlen-nieto-rinde-homenaje-a-policias-caidos-en-malinalco-y-llama-a-la-calma\/#primaryimage\"},\"thumbnailUrl\":\"https:\/\/mexiconoticias.net\/wp-content\/uploads\/2025\/01\/poli.webp\",\"datePublished\":\"2025-01-30T22:57:16+00:00\",\"dateModified\":\"2025-01-30T22:57:18+00:00\",\"breadcrumb\":{\"@id\":\"https:\/\/mexiconoticias.net\/index.php\/2025\/01\/30\/marlen-nieto-rinde-homenaje-a-policias-caidos-en-malinalco-y-llama-a-la-calma\/#breadcrumb\"},\"inLanguage\":\"es\",\"potentialAction\":[{\"@type\":\"ReadAction\",\"target\":[\"https:\/\/mexiconoticias.net\/index.php\/2025\/01\/30\/marlen-nieto-rinde-homenaje-a-policias-caidos-en-malinalco-y-llama-a-la-calma\/\"]}]},{\"@type\":\"ImageObject\",\"inLanguage\":\"es\",\"@id\":\"https:\/\/mexiconoticias.net\/index.php\/2025\/01\/30\/marlen-nieto-rinde-homenaje-a-policias-caidos-en-malinalco-y-llama-a-la-calma\/#primaryimage\",\"url\":\"https:\/\/mexiconoticias.net\/wp-content\/uploads\/2025\/01\/poli.webp\",\"contentUrl\":\"https:\/\/mexiconoticias.net\/wp-content\/uploads\/2025\/01\/poli.webp\",\"width\":942,\"height\":532},{\"@type\":\"BreadcrumbList\",\"@id\":\"https:\/\/mexiconoticias.net\/index.php\/2025\/01\/30\/marlen-nieto-rinde-homenaje-a-policias-caidos-en-malinalco-y-llama-a-la-calma\/#breadcrumb\",\"itemListElement\":[{\"@type\":\"ListItem\",\"position\":1,\"name\":\"Inicio\",\"item\":\"https:\/\/mexiconoticias.net\/\"},{\"@type\":\"ListItem\",\"position\":2,\"name\":\"Marlen Nieto rinde homenaje a polic\u00edas ca\u00eddos en Malinalco y llama a la calma\"}]},{\"@type\":\"WebSite\",\"@id\":\"https:\/\/mexiconoticias.net\/#website\",\"url\":\"https:\/\/mexiconoticias.net\/\",\"name\":\"M\u00e9xico Noticias\",\"description\":\"\",\"publisher\":{\"@id\":\"https:\/\/mexiconoticias.net\/#organization\"},\"potentialAction\":[{\"@type\":\"SearchAction\",\"target\":{\"@type\":\"EntryPoint\",\"urlTemplate\":\"https:\/\/mexiconoticias.net\/?s={search_term_string}\"},\"query-input\":{\"@type\":\"PropertyValueSpecification\",\"valueRequired\":true,\"valueName\":\"search_term_string\"}}],\"inLanguage\":\"es\"},{\"@type\":\"Organization\",\"@id\":\"https:\/\/mexiconoticias.net\/#organization\",\"name\":\"M\u00e9xico Noticias\",\"url\":\"https:\/\/mexiconoticias.net\/\",\"logo\":{\"@type\":\"ImageObject\",\"inLanguage\":\"es\",\"@id\":\"https:\/\/mexiconoticias.net\/#\/schema\/logo\/image\/\",\"url\":\"https:\/\/mexiconoticias.net\/wp-content\/uploads\/2024\/12\/mnnb.png\",\"contentUrl\":\"https:\/\/mexiconoticias.net\/wp-content\/uploads\/2024\/12\/mnnb.png\",\"width\":556,\"height\":246,\"caption\":\"M\u00e9xico Noticias\"},\"image\":{\"@id\":\"https:\/\/mexiconoticias.net\/#\/schema\/logo\/image\/\"}},{\"@type\":\"Person\",\"@id\":\"https:\/\/mexiconoticias.net\/#\/schema\/person\/a00208b3b9fd28047cd184b7168ae083\",\"name\":\"admin\",\"image\":{\"@type\":\"ImageObject\",\"inLanguage\":\"es\",\"@id\":\"https:\/\/mexiconoticias.net\/#\/schema\/person\/image\/\",\"url\":\"https:\/\/secure.gravatar.com\/avatar\/d6d3b9110f970ece0b451bc8cff830790cf8c9d5d49a1a41f2d2f57a0b42a564?s=96&d=mm&r=g\",\"contentUrl\":\"https:\/\/secure.gravatar.com\/avatar\/d6d3b9110f970ece0b451bc8cff830790cf8c9d5d49a1a41f2d2f57a0b42a564?s=96&d=mm&r=g\",\"caption\":\"admin\"},\"sameAs\":[\"https:\/\/mexiconoticias.net\"],\"url\":\"https:\/\/mexiconoticias.net\/index.php\/author\/wp_useradmin_mexnoticias\/\"}]}<\/script>\n<!-- \/ Yoast SEO plugin. -->","yoast_head_json":{"title":"Marlen Nieto rinde homenaje a polic\u00edas ca\u00eddos en Malinalco y llama a la calma - M\u00e9xico Noticias","robots":{"index":"index","follow":"follow","max-snippet":"max-snippet:-1","max-image-preview":"max-image-preview:large","max-video-preview":"max-video-preview:-1"},"canonical":"https:\/\/mexiconoticias.net\/index.php\/2025\/01\/30\/marlen-nieto-rinde-homenaje-a-policias-caidos-en-malinalco-y-llama-a-la-calma\/","og_locale":"es_MX","og_type":"article","og_title":"Marlen Nieto rinde homenaje a polic\u00edas ca\u00eddos en Malinalco y llama a la calma - M\u00e9xico Noticias","og_description":"La alcaldesa de Malinalco, Marlen Nieto, encabez\u00f3 un emotivo homenaje a los polic\u00edas Giovanni L\u00f3pez Morales, \u00c1lvaro Jes\u00fas Trujillo V\u00e1squez [&hellip;]","og_url":"https:\/\/mexiconoticias.net\/index.php\/2025\/01\/30\/marlen-nieto-rinde-homenaje-a-policias-caidos-en-malinalco-y-llama-a-la-calma\/","og_site_name":"M\u00e9xico Noticias","article_published_time":"2025-01-30T22:57:16+00:00","article_modified_time":"2025-01-30T22:57:18+00:00","og_image":[{"width":942,"height":532,"url":"https:\/\/mexiconoticias.net\/wp-content\/uploads\/2025\/01\/poli.webp","type":"image\/webp"}],"author":"admin","twitter_card":"summary_large_image","twitter_misc":{"Escrito por":"admin","Tiempo de lectura":"1 minuto"},"schema":{"@context":"https:\/\/schema.org","@graph":[{"@type":"Article","@id":"https:\/\/mexiconoticias.net\/index.php\/2025\/01\/30\/marlen-nieto-rinde-homenaje-a-policias-caidos-en-malinalco-y-llama-a-la-calma\/#article","isPartOf":{"@id":"https:\/\/mexiconoticias.net\/index.php\/2025\/01\/30\/marlen-nieto-rinde-homenaje-a-policias-caidos-en-malinalco-y-llama-a-la-calma\/"},"author":{"name":"admin","@id":"https:\/\/mexiconoticias.net\/#\/schema\/person\/a00208b3b9fd28047cd184b7168ae083"},"headline":"Marlen Nieto rinde homenaje a polic\u00edas ca\u00eddos en Malinalco y llama a la calma","datePublished":"2025-01-30T22:57:16+00:00","dateModified":"2025-01-30T22:57:18+00:00","mainEntityOfPage":{"@id":"https:\/\/mexiconoticias.net\/index.php\/2025\/01\/30\/marlen-nieto-rinde-homenaje-a-policias-caidos-en-malinalco-y-llama-a-la-calma\/"},"wordCount":171,"commentCount":0,"publisher":{"@id":"https:\/\/mexiconoticias.net\/#organization"},"image":{"@id":"https:\/\/mexiconoticias.net\/index.php\/2025\/01\/30\/marlen-nieto-rinde-homenaje-a-policias-caidos-en-malinalco-y-llama-a-la-calma\/#primaryimage"},"thumbnailUrl":"https:\/\/mexiconoticias.net\/wp-content\/uploads\/2025\/01\/poli.webp","articleSection":["Estados"],"inLanguage":"es","potentialAction":[{"@type":"CommentAction","name":"Comment","target":["https:\/\/mexiconoticias.net\/index.php\/2025\/01\/30\/marlen-nieto-rinde-homenaje-a-policias-caidos-en-malinalco-y-llama-a-la-calma\/#respond"]}]},{"@type":"WebPage","@id":"https:\/\/mexiconoticias.net\/index.php\/2025\/01\/30\/marlen-nieto-rinde-homenaje-a-policias-caidos-en-malinalco-y-llama-a-la-calma\/","url":"https:\/\/mexiconoticias.net\/index.php\/2025\/01\/30\/marlen-nieto-rinde-homenaje-a-policias-caidos-en-malinalco-y-llama-a-la-calma\/","name":"Marlen Nieto rinde homenaje a polic\u00edas ca\u00eddos en Malinalco y llama a la calma - M\u00e9xico Noticias","isPartOf":{"@id":"https:\/\/mexiconoticias.net\/#website"},"primaryImageOfPage":{"@id":"https:\/\/mexiconoticias.net\/index.php\/2025\/01\/30\/marlen-nieto-rinde-homenaje-a-policias-caidos-en-malinalco-y-llama-a-la-calma\/#primaryimage"},"image":{"@id":"https:\/\/mexiconoticias.net\/index.php\/2025\/01\/30\/marlen-nieto-rinde-homenaje-a-policias-caidos-en-malinalco-y-llama-a-la-calma\/#primaryimage"},"thumbnailUrl":"https:\/\/mexiconoticias.net\/wp-content\/uploads\/2025\/01\/poli.webp","datePublished":"2025-01-30T22:57:16+00:00","dateModified":"2025-01-30T22:57:18+00:00","breadcrumb":{"@id":"https:\/\/mexiconoticias.net\/index.php\/2025\/01\/30\/marlen-nieto-rinde-homenaje-a-policias-caidos-en-malinalco-y-llama-a-la-calma\/#breadcrumb"},"inLanguage":"es","potentialAction":[{"@type":"ReadAction","target":["https:\/\/mexiconoticias.net\/index.php\/2025\/01\/30\/marlen-nieto-rinde-homenaje-a-policias-caidos-en-malinalco-y-llama-a-la-calma\/"]}]},{"@type":"ImageObject","inLanguage":"es","@id":"https:\/\/mexiconoticias.net\/index.php\/2025\/01\/30\/marlen-nieto-rinde-homenaje-a-policias-caidos-en-malinalco-y-llama-a-la-calma\/#primaryimage","url":"https:\/\/mexiconoticias.net\/wp-content\/uploads\/2025\/01\/poli.webp","contentUrl":"https:\/\/mexiconoticias.net\/wp-content\/uploads\/2025\/01\/poli.webp","width":942,"height":532},{"@type":"BreadcrumbList","@id":"https:\/\/mexiconoticias.net\/index.php\/2025\/01\/30\/marlen-nieto-rinde-homenaje-a-policias-caidos-en-malinalco-y-llama-a-la-calma\/#breadcrumb","itemListElement":[{"@type":"ListItem","position":1,"name":"Inicio","item":"https:\/\/mexiconoticias.net\/"},{"@type":"ListItem","position":2,"name":"Marlen Nieto rinde homenaje a polic\u00edas ca\u00eddos en Malinalco y llama a la calma"}]},{"@type":"WebSite","@id":"https:\/\/mexiconoticias.net\/#website","url":"https:\/\/mexiconoticias.net\/","name":"M\u00e9xico Noticias","description":"","publisher":{"@id":"https:\/\/mexiconoticias.net\/#organization"},"potentialAction":[{"@type":"SearchAction","target":{"@type":"EntryPoint","urlTemplate":"https:\/\/mexiconoticias.net\/?s={search_term_string}"},"query-input":{"@type":"PropertyValueSpecification","valueRequired":true,"valueName":"search_term_string"}}],"inLanguage":"es"},{"@type":"Organization","@id":"https:\/\/mexiconoticias.net\/#organization","name":"M\u00e9xico Noticias","url":"https:\/\/mexiconoticias.net\/","logo":{"@type":"ImageObject","inLanguage":"es","@id":"https:\/\/mexiconoticias.net\/#\/schema\/logo\/image\/","url":"https:\/\/mexiconoticias.net\/wp-content\/uploads\/2024\/12\/mnnb.png","contentUrl":"https:\/\/mexiconoticias.net\/wp-content\/uploads\/2024\/12\/mnnb.png","width":556,"height":246,"caption":"M\u00e9xico Noticias"},"image":{"@id":"https:\/\/mexiconoticias.net\/#\/schema\/logo\/image\/"}},{"@type":"Person","@id":"https:\/\/mexiconoticias.net\/#\/schema\/person\/a00208b3b9fd28047cd184b7168ae083","name":"admin","image":{"@type":"ImageObject","inLanguage":"es","@id":"https:\/\/mexiconoticias.net\/#\/schema\/person\/image\/","url":"https:\/\/secure.gravatar.com\/avatar\/d6d3b9110f970ece0b451bc8cff830790cf8c9d5d49a1a41f2d2f57a0b42a564?s=96&d=mm&r=g","contentUrl":"https:\/\/secure.gravatar.com\/avatar\/d6d3b9110f970ece0b451bc8cff830790cf8c9d5d49a1a41f2d2f57a0b42a564?s=96&d=mm&r=g","caption":"admin"},"sameAs":["https:\/\/mexiconoticias.net"],"url":"https:\/\/mexiconoticias.net\/index.php\/author\/wp_useradmin_mexnoticias\/"}]}},"_links":{"self":[{"href":"https:\/\/mexiconoticias.net\/index.php\/wp-json\/wp\/v2\/posts\/702","targetHints":{"allow":["GET"]}}],"collection":[{"href":"https:\/\/mexiconoticias.net\/index.php\/wp-json\/wp\/v2\/posts"}],"about":[{"href":"https:\/\/mexiconoticias.net\/index.php\/wp-json\/wp\/v2\/types\/post"}],"author":[{"embeddable":true,"href":"https:\/\/mexiconoticias.net\/index.php\/wp-json\/wp\/v2\/users\/1"}],"replies":[{"embeddable":true,"href":"https:\/\/mexiconoticias.net\/index.php\/wp-json\/wp\/v2\/comments?post=702"}],"version-history":[{"count":1,"href":"https:\/\/mexiconoticias.net\/index.php\/wp-json\/wp\/v2\/posts\/702\/revisions"}],"predecessor-version":[{"id":704,"href":"https:\/\/mexiconoticias.net\/index.php\/wp-json\/wp\/v2\/posts\/702\/revisions\/704"}],"wp:featuredmedia":[{"embeddable":true,"href":"https:\/\/mexiconoticias.net\/index.php\/wp-json\/wp\/v2\/media\/703"}],"wp:attachment":[{"href":"https:\/\/mexiconoticias.net\/index.php\/wp-json\/wp\/v2\/media?parent=702"}],"wp:term":[{"taxonomy":"category","embeddable":true,"href":"https:\/\/mexiconoticias.net\/index.php\/wp-json\/wp\/v2\/categories?post=702"},{"taxonomy":"post_tag","embeddable":true,"href":"https:\/\/mexiconoticias.net\/index.php\/wp-json\/wp\/v2\/tags?post=702"}],"curies":[{"name":"wp","href":"https:\/\/api.w.org\/{rel}","templated":true}]}}