{"id":713,"date":"2025-02-04T20:31:22","date_gmt":"2025-02-04T20:31:22","guid":{"rendered":"https:\/\/mexiconoticias.net\/?p=713"},"modified":"2025-02-04T20:31:23","modified_gmt":"2025-02-04T20:31:23","slug":"margarita-gonzalez-saravia-instala-el-consejo-de-la-memoria-historica-y-cultural-de-morelos","status":"publish","type":"post","link":"https:\/\/mexiconoticias.net\/index.php\/2025\/02\/04\/margarita-gonzalez-saravia-instala-el-consejo-de-la-memoria-historica-y-cultural-de-morelos\/","title":{"rendered":"Margarita Gonz\u00e1lez Saravia instala el Consejo de la Memoria Hist\u00f3rica y Cultural de Morelos"},"content":{"rendered":"\n<p>La gobernadora de Morelos, Margarita Gonz\u00e1lez Saravia, presidi\u00f3 la instalaci\u00f3n del <em>Consejo de la Memoria Hist\u00f3rica y Cultural del Estado de Morelos<\/em>, un \u00f3rgano consultivo que garantizar\u00e1 la conservaci\u00f3n de documentos, sitios hist\u00f3ricos, tradiciones y expresiones culturales que forman parte de la identidad de la entidad. En su mensaje, la mandataria destac\u00f3 la importancia de trabajar en conjunto con instituciones acad\u00e9micas y la sociedad civil para rescatar y difundir el patrimonio hist\u00f3rico y cultural, asegurando que las nuevas generaciones conozcan el pasado de \u201cLa tierra que nos une\u201d.<\/p>\n\n\n\n<p>Gonz\u00e1lez Saravia subray\u00f3 que este consejo contribuir\u00e1 a fortalecer la identidad morelense, manteniendo un v\u00ednculo estrecho con el sector educativo para brindar acceso a informaci\u00f3n hist\u00f3rica relevante. Durante la sesi\u00f3n, Coty Andrea Cant\u00fa Nava tom\u00f3 protesta como secretaria t\u00e9cnica, junto a representantes de diversas instituciones acad\u00e9micas y culturales. Adem\u00e1s, se establecieron las fechas de las pr\u00f3ximas sesiones ordinarias y se anunci\u00f3 la integraci\u00f3n de cronistas del estado para enriquecer el proyecto con nuevas propuestas.<\/p>\n","protected":false},"excerpt":{"rendered":"<p>La gobernadora de Morelos, Margarita Gonz\u00e1lez Saravia, presidi\u00f3 la instalaci\u00f3n del Consejo de la Memoria Hist\u00f3rica y Cultural del Estado [&hellip;]<\/p>\n","protected":false},"author":1,"featured_media":714,"comment_status":"open","ping_status":"open","sticky":false,"template":"","format":"standard","meta":{"site-sidebar-layout":"default","site-content-layout":"","ast-site-content-layout":"","site-content-style":"default","site-sidebar-style":"default","ast-global-header-display":"","ast-banner-title-visibility":"","ast-main-header-display":"","ast-hfb-above-header-display":"","ast-hfb-below-header-display":"","ast-hfb-mobile-header-display":"","site-post-title":"","ast-breadcrumbs-content":"","ast-featured-img":"","footer-sml-layout":"","theme-transparent-header-meta":"","adv-header-id-meta":"","stick-header-meta":"","header-above-stick-meta":"","header-main-stick-meta":"","header-below-stick-meta":"","astra-migrate-meta-layouts":"default","ast-page-background-enabled":"default","ast-page-background-meta":{"desktop":{"background-color":"var(--ast-global-color-4)","background-image":"","background-repeat":"repeat","background-position":"center center","background-size":"auto","background-attachment":"scroll","background-type":"","background-media":"","overlay-type":"","overlay-color":"","overlay-opacity":"","overlay-gradient":""},"tablet":{"background-color":"","background-image":"","background-repeat":"repeat","background-position":"center center","background-size":"auto","background-attachment":"scroll","background-type":"","background-media":"","overlay-type":"","overlay-color":"","overlay-opacity":"","overlay-gradient":""},"mobile":{"background-color":"","background-image":"","background-repeat":"repeat","background-position":"center center","background-size":"auto","background-attachment":"scroll","background-type":"","background-media":"","overlay-type":"","overlay-color":"","overlay-opacity":"","overlay-gradient":""}},"ast-content-background-meta":{"desktop":{"background-color":"var(--ast-global-color-5)","background-image":"","background-repeat":"repeat","background-position":"center center","background-size":"auto","background-attachment":"scroll","background-type":"","background-media":"","overlay-type":"","overlay-color":"","overlay-opacity":"","overlay-gradient":""},"tablet":{"background-color":"var(--ast-global-color-5)","background-image":"","background-repeat":"repeat","background-position":"center center","background-size":"auto","background-attachment":"scroll","background-type":"","background-media":"","overlay-type":"","overlay-color":"","overlay-opacity":"","overlay-gradient":""},"mobile":{"background-color":"var(--ast-global-color-5)","background-image":"","background-repeat":"repeat","background-position":"center center","background-size":"auto","background-attachment":"scroll","background-type":"","background-media":"","overlay-type":"","overlay-color":"","overlay-opacity":"","overlay-gradient":""}},"footnotes":""},"categories":[8],"tags":[],"class_list":["post-713","post","type-post","status-publish","format-standard","has-post-thumbnail","hentry","category-politica"],"yoast_head":"<!-- This site is optimized with the Yoast SEO plugin v24.1 - https:\/\/yoast.com\/wordpress\/plugins\/seo\/ -->\n<title>Margarita Gonz\u00e1lez Saravia instala el Consejo de la Memoria Hist\u00f3rica y Cultural de Morelos - M\u00e9xico Noticias<\/title>\n<meta name=\"robots\" content=\"index, follow, max-snippet:-1, max-image-preview:large, max-video-preview:-1\" \/>\n<link rel=\"canonical\" href=\"https:\/\/mexiconoticias.net\/index.php\/2025\/02\/04\/margarita-gonzalez-saravia-instala-el-consejo-de-la-memoria-historica-y-cultural-de-morelos\/\" \/>\n<meta property=\"og:locale\" content=\"es_MX\" \/>\n<meta property=\"og:type\" content=\"article\" \/>\n<meta property=\"og:title\" content=\"Margarita Gonz\u00e1lez Saravia instala el Consejo de la Memoria Hist\u00f3rica y Cultural de Morelos - M\u00e9xico Noticias\" \/>\n<meta property=\"og:description\" content=\"La gobernadora de Morelos, Margarita Gonz\u00e1lez Saravia, presidi\u00f3 la instalaci\u00f3n del Consejo de la Memoria Hist\u00f3rica y Cultural del Estado [&hellip;]\" \/>\n<meta property=\"og:url\" content=\"https:\/\/mexiconoticias.net\/index.php\/2025\/02\/04\/margarita-gonzalez-saravia-instala-el-consejo-de-la-memoria-historica-y-cultural-de-morelos\/\" \/>\n<meta property=\"og:site_name\" content=\"M\u00e9xico Noticias\" \/>\n<meta property=\"article:published_time\" content=\"2025-02-04T20:31:22+00:00\" \/>\n<meta property=\"article:modified_time\" content=\"2025-02-04T20:31:23+00:00\" \/>\n<meta property=\"og:image\" content=\"https:\/\/mexiconoticias.net\/wp-content\/uploads\/2025\/02\/margara.jpg\" \/>\n\t<meta property=\"og:image:width\" content=\"1272\" \/>\n\t<meta property=\"og:image:height\" content=\"849\" \/>\n\t<meta property=\"og:image:type\" content=\"image\/jpeg\" \/>\n<meta name=\"author\" content=\"admin\" \/>\n<meta name=\"twitter:card\" content=\"summary_large_image\" \/>\n<meta name=\"twitter:label1\" content=\"Escrito por\" \/>\n\t<meta name=\"twitter:data1\" content=\"admin\" \/>\n\t<meta name=\"twitter:label2\" content=\"Tiempo de lectura\" \/>\n\t<meta name=\"twitter:data2\" content=\"1 minuto\" \/>\n<script type=\"application\/ld+json\" class=\"yoast-schema-graph\">{\"@context\":\"https:\/\/schema.org\",\"@graph\":[{\"@type\":\"Article\",\"@id\":\"https:\/\/mexiconoticias.net\/index.php\/2025\/02\/04\/margarita-gonzalez-saravia-instala-el-consejo-de-la-memoria-historica-y-cultural-de-morelos\/#article\",\"isPartOf\":{\"@id\":\"https:\/\/mexiconoticias.net\/index.php\/2025\/02\/04\/margarita-gonzalez-saravia-instala-el-consejo-de-la-memoria-historica-y-cultural-de-morelos\/\"},\"author\":{\"name\":\"admin\",\"@id\":\"https:\/\/mexiconoticias.net\/#\/schema\/person\/a00208b3b9fd28047cd184b7168ae083\"},\"headline\":\"Margarita Gonz\u00e1lez Saravia instala el Consejo de la Memoria Hist\u00f3rica y Cultural de Morelos\",\"datePublished\":\"2025-02-04T20:31:22+00:00\",\"dateModified\":\"2025-02-04T20:31:23+00:00\",\"mainEntityOfPage\":{\"@id\":\"https:\/\/mexiconoticias.net\/index.php\/2025\/02\/04\/margarita-gonzalez-saravia-instala-el-consejo-de-la-memoria-historica-y-cultural-de-morelos\/\"},\"wordCount\":195,\"commentCount\":0,\"publisher\":{\"@id\":\"https:\/\/mexiconoticias.net\/#organization\"},\"image\":{\"@id\":\"https:\/\/mexiconoticias.net\/index.php\/2025\/02\/04\/margarita-gonzalez-saravia-instala-el-consejo-de-la-memoria-historica-y-cultural-de-morelos\/#primaryimage\"},\"thumbnailUrl\":\"https:\/\/mexiconoticias.net\/wp-content\/uploads\/2025\/02\/margara.jpg\",\"articleSection\":[\"Pol\u00edtica\"],\"inLanguage\":\"es\",\"potentialAction\":[{\"@type\":\"CommentAction\",\"name\":\"Comment\",\"target\":[\"https:\/\/mexiconoticias.net\/index.php\/2025\/02\/04\/margarita-gonzalez-saravia-instala-el-consejo-de-la-memoria-historica-y-cultural-de-morelos\/#respond\"]}]},{\"@type\":\"WebPage\",\"@id\":\"https:\/\/mexiconoticias.net\/index.php\/2025\/02\/04\/margarita-gonzalez-saravia-instala-el-consejo-de-la-memoria-historica-y-cultural-de-morelos\/\",\"url\":\"https:\/\/mexiconoticias.net\/index.php\/2025\/02\/04\/margarita-gonzalez-saravia-instala-el-consejo-de-la-memoria-historica-y-cultural-de-morelos\/\",\"name\":\"Margarita Gonz\u00e1lez Saravia instala el Consejo de la Memoria Hist\u00f3rica y Cultural de Morelos - M\u00e9xico Noticias\",\"isPartOf\":{\"@id\":\"https:\/\/mexiconoticias.net\/#website\"},\"primaryImageOfPage\":{\"@id\":\"https:\/\/mexiconoticias.net\/index.php\/2025\/02\/04\/margarita-gonzalez-saravia-instala-el-consejo-de-la-memoria-historica-y-cultural-de-morelos\/#primaryimage\"},\"image\":{\"@id\":\"https:\/\/mexiconoticias.net\/index.php\/2025\/02\/04\/margarita-gonzalez-saravia-instala-el-consejo-de-la-memoria-historica-y-cultural-de-morelos\/#primaryimage\"},\"thumbnailUrl\":\"https:\/\/mexiconoticias.net\/wp-content\/uploads\/2025\/02\/margara.jpg\",\"datePublished\":\"2025-02-04T20:31:22+00:00\",\"dateModified\":\"2025-02-04T20:31:23+00:00\",\"breadcrumb\":{\"@id\":\"https:\/\/mexiconoticias.net\/index.php\/2025\/02\/04\/margarita-gonzalez-saravia-instala-el-consejo-de-la-memoria-historica-y-cultural-de-morelos\/#breadcrumb\"},\"inLanguage\":\"es\",\"potentialAction\":[{\"@type\":\"ReadAction\",\"target\":[\"https:\/\/mexiconoticias.net\/index.php\/2025\/02\/04\/margarita-gonzalez-saravia-instala-el-consejo-de-la-memoria-historica-y-cultural-de-morelos\/\"]}]},{\"@type\":\"ImageObject\",\"inLanguage\":\"es\",\"@id\":\"https:\/\/mexiconoticias.net\/index.php\/2025\/02\/04\/margarita-gonzalez-saravia-instala-el-consejo-de-la-memoria-historica-y-cultural-de-morelos\/#primaryimage\",\"url\":\"https:\/\/mexiconoticias.net\/wp-content\/uploads\/2025\/02\/margara.jpg\",\"contentUrl\":\"https:\/\/mexiconoticias.net\/wp-content\/uploads\/2025\/02\/margara.jpg\",\"width\":1272,\"height\":849},{\"@type\":\"BreadcrumbList\",\"@id\":\"https:\/\/mexiconoticias.net\/index.php\/2025\/02\/04\/margarita-gonzalez-saravia-instala-el-consejo-de-la-memoria-historica-y-cultural-de-morelos\/#breadcrumb\",\"itemListElement\":[{\"@type\":\"ListItem\",\"position\":1,\"name\":\"Inicio\",\"item\":\"https:\/\/mexiconoticias.net\/\"},{\"@type\":\"ListItem\",\"position\":2,\"name\":\"Margarita Gonz\u00e1lez Saravia instala el Consejo de la Memoria Hist\u00f3rica y Cultural de Morelos\"}]},{\"@type\":\"WebSite\",\"@id\":\"https:\/\/mexiconoticias.net\/#website\",\"url\":\"https:\/\/mexiconoticias.net\/\",\"name\":\"M\u00e9xico Noticias\",\"description\":\"\",\"publisher\":{\"@id\":\"https:\/\/mexiconoticias.net\/#organization\"},\"potentialAction\":[{\"@type\":\"SearchAction\",\"target\":{\"@type\":\"EntryPoint\",\"urlTemplate\":\"https:\/\/mexiconoticias.net\/?s={search_term_string}\"},\"query-input\":{\"@type\":\"PropertyValueSpecification\",\"valueRequired\":true,\"valueName\":\"search_term_string\"}}],\"inLanguage\":\"es\"},{\"@type\":\"Organization\",\"@id\":\"https:\/\/mexiconoticias.net\/#organization\",\"name\":\"M\u00e9xico Noticias\",\"url\":\"https:\/\/mexiconoticias.net\/\",\"logo\":{\"@type\":\"ImageObject\",\"inLanguage\":\"es\",\"@id\":\"https:\/\/mexiconoticias.net\/#\/schema\/logo\/image\/\",\"url\":\"https:\/\/mexiconoticias.net\/wp-content\/uploads\/2024\/12\/mnnb.png\",\"contentUrl\":\"https:\/\/mexiconoticias.net\/wp-content\/uploads\/2024\/12\/mnnb.png\",\"width\":556,\"height\":246,\"caption\":\"M\u00e9xico Noticias\"},\"image\":{\"@id\":\"https:\/\/mexiconoticias.net\/#\/schema\/logo\/image\/\"}},{\"@type\":\"Person\",\"@id\":\"https:\/\/mexiconoticias.net\/#\/schema\/person\/a00208b3b9fd28047cd184b7168ae083\",\"name\":\"admin\",\"image\":{\"@type\":\"ImageObject\",\"inLanguage\":\"es\",\"@id\":\"https:\/\/mexiconoticias.net\/#\/schema\/person\/image\/\",\"url\":\"https:\/\/secure.gravatar.com\/avatar\/d6d3b9110f970ece0b451bc8cff830790cf8c9d5d49a1a41f2d2f57a0b42a564?s=96&d=mm&r=g\",\"contentUrl\":\"https:\/\/secure.gravatar.com\/avatar\/d6d3b9110f970ece0b451bc8cff830790cf8c9d5d49a1a41f2d2f57a0b42a564?s=96&d=mm&r=g\",\"caption\":\"admin\"},\"sameAs\":[\"https:\/\/mexiconoticias.net\"],\"url\":\"https:\/\/mexiconoticias.net\/index.php\/author\/wp_useradmin_mexnoticias\/\"}]}<\/script>\n<!-- \/ Yoast SEO plugin. -->","yoast_head_json":{"title":"Margarita Gonz\u00e1lez Saravia instala el Consejo de la Memoria Hist\u00f3rica y Cultural de Morelos - M\u00e9xico Noticias","robots":{"index":"index","follow":"follow","max-snippet":"max-snippet:-1","max-image-preview":"max-image-preview:large","max-video-preview":"max-video-preview:-1"},"canonical":"https:\/\/mexiconoticias.net\/index.php\/2025\/02\/04\/margarita-gonzalez-saravia-instala-el-consejo-de-la-memoria-historica-y-cultural-de-morelos\/","og_locale":"es_MX","og_type":"article","og_title":"Margarita Gonz\u00e1lez Saravia instala el Consejo de la Memoria Hist\u00f3rica y Cultural de Morelos - M\u00e9xico Noticias","og_description":"La gobernadora de Morelos, Margarita Gonz\u00e1lez Saravia, presidi\u00f3 la instalaci\u00f3n del Consejo de la Memoria Hist\u00f3rica y Cultural del Estado [&hellip;]","og_url":"https:\/\/mexiconoticias.net\/index.php\/2025\/02\/04\/margarita-gonzalez-saravia-instala-el-consejo-de-la-memoria-historica-y-cultural-de-morelos\/","og_site_name":"M\u00e9xico Noticias","article_published_time":"2025-02-04T20:31:22+00:00","article_modified_time":"2025-02-04T20:31:23+00:00","og_image":[{"width":1272,"height":849,"url":"https:\/\/mexiconoticias.net\/wp-content\/uploads\/2025\/02\/margara.jpg","type":"image\/jpeg"}],"author":"admin","twitter_card":"summary_large_image","twitter_misc":{"Escrito por":"admin","Tiempo de lectura":"1 minuto"},"schema":{"@context":"https:\/\/schema.org","@graph":[{"@type":"Article","@id":"https:\/\/mexiconoticias.net\/index.php\/2025\/02\/04\/margarita-gonzalez-saravia-instala-el-consejo-de-la-memoria-historica-y-cultural-de-morelos\/#article","isPartOf":{"@id":"https:\/\/mexiconoticias.net\/index.php\/2025\/02\/04\/margarita-gonzalez-saravia-instala-el-consejo-de-la-memoria-historica-y-cultural-de-morelos\/"},"author":{"name":"admin","@id":"https:\/\/mexiconoticias.net\/#\/schema\/person\/a00208b3b9fd28047cd184b7168ae083"},"headline":"Margarita Gonz\u00e1lez Saravia instala el Consejo de la Memoria Hist\u00f3rica y Cultural de Morelos","datePublished":"2025-02-04T20:31:22+00:00","dateModified":"2025-02-04T20:31:23+00:00","mainEntityOfPage":{"@id":"https:\/\/mexiconoticias.net\/index.php\/2025\/02\/04\/margarita-gonzalez-saravia-instala-el-consejo-de-la-memoria-historica-y-cultural-de-morelos\/"},"wordCount":195,"commentCount":0,"publisher":{"@id":"https:\/\/mexiconoticias.net\/#organization"},"image":{"@id":"https:\/\/mexiconoticias.net\/index.php\/2025\/02\/04\/margarita-gonzalez-saravia-instala-el-consejo-de-la-memoria-historica-y-cultural-de-morelos\/#primaryimage"},"thumbnailUrl":"https:\/\/mexiconoticias.net\/wp-content\/uploads\/2025\/02\/margara.jpg","articleSection":["Pol\u00edtica"],"inLanguage":"es","potentialAction":[{"@type":"CommentAction","name":"Comment","target":["https:\/\/mexiconoticias.net\/index.php\/2025\/02\/04\/margarita-gonzalez-saravia-instala-el-consejo-de-la-memoria-historica-y-cultural-de-morelos\/#respond"]}]},{"@type":"WebPage","@id":"https:\/\/mexiconoticias.net\/index.php\/2025\/02\/04\/margarita-gonzalez-saravia-instala-el-consejo-de-la-memoria-historica-y-cultural-de-morelos\/","url":"https:\/\/mexiconoticias.net\/index.php\/2025\/02\/04\/margarita-gonzalez-saravia-instala-el-consejo-de-la-memoria-historica-y-cultural-de-morelos\/","name":"Margarita Gonz\u00e1lez Saravia instala el Consejo de la Memoria Hist\u00f3rica y Cultural de Morelos - M\u00e9xico Noticias","isPartOf":{"@id":"https:\/\/mexiconoticias.net\/#website"},"primaryImageOfPage":{"@id":"https:\/\/mexiconoticias.net\/index.php\/2025\/02\/04\/margarita-gonzalez-saravia-instala-el-consejo-de-la-memoria-historica-y-cultural-de-morelos\/#primaryimage"},"image":{"@id":"https:\/\/mexiconoticias.net\/index.php\/2025\/02\/04\/margarita-gonzalez-saravia-instala-el-consejo-de-la-memoria-historica-y-cultural-de-morelos\/#primaryimage"},"thumbnailUrl":"https:\/\/mexiconoticias.net\/wp-content\/uploads\/2025\/02\/margara.jpg","datePublished":"2025-02-04T20:31:22+00:00","dateModified":"2025-02-04T20:31:23+00:00","breadcrumb":{"@id":"https:\/\/mexiconoticias.net\/index.php\/2025\/02\/04\/margarita-gonzalez-saravia-instala-el-consejo-de-la-memoria-historica-y-cultural-de-morelos\/#breadcrumb"},"inLanguage":"es","potentialAction":[{"@type":"ReadAction","target":["https:\/\/mexiconoticias.net\/index.php\/2025\/02\/04\/margarita-gonzalez-saravia-instala-el-consejo-de-la-memoria-historica-y-cultural-de-morelos\/"]}]},{"@type":"ImageObject","inLanguage":"es","@id":"https:\/\/mexiconoticias.net\/index.php\/2025\/02\/04\/margarita-gonzalez-saravia-instala-el-consejo-de-la-memoria-historica-y-cultural-de-morelos\/#primaryimage","url":"https:\/\/mexiconoticias.net\/wp-content\/uploads\/2025\/02\/margara.jpg","contentUrl":"https:\/\/mexiconoticias.net\/wp-content\/uploads\/2025\/02\/margara.jpg","width":1272,"height":849},{"@type":"BreadcrumbList","@id":"https:\/\/mexiconoticias.net\/index.php\/2025\/02\/04\/margarita-gonzalez-saravia-instala-el-consejo-de-la-memoria-historica-y-cultural-de-morelos\/#breadcrumb","itemListElement":[{"@type":"ListItem","position":1,"name":"Inicio","item":"https:\/\/mexiconoticias.net\/"},{"@type":"ListItem","position":2,"name":"Margarita Gonz\u00e1lez Saravia instala el Consejo de la Memoria Hist\u00f3rica y Cultural de Morelos"}]},{"@type":"WebSite","@id":"https:\/\/mexiconoticias.net\/#website","url":"https:\/\/mexiconoticias.net\/","name":"M\u00e9xico Noticias","description":"","publisher":{"@id":"https:\/\/mexiconoticias.net\/#organization"},"potentialAction":[{"@type":"SearchAction","target":{"@type":"EntryPoint","urlTemplate":"https:\/\/mexiconoticias.net\/?s={search_term_string}"},"query-input":{"@type":"PropertyValueSpecification","valueRequired":true,"valueName":"search_term_string"}}],"inLanguage":"es"},{"@type":"Organization","@id":"https:\/\/mexiconoticias.net\/#organization","name":"M\u00e9xico Noticias","url":"https:\/\/mexiconoticias.net\/","logo":{"@type":"ImageObject","inLanguage":"es","@id":"https:\/\/mexiconoticias.net\/#\/schema\/logo\/image\/","url":"https:\/\/mexiconoticias.net\/wp-content\/uploads\/2024\/12\/mnnb.png","contentUrl":"https:\/\/mexiconoticias.net\/wp-content\/uploads\/2024\/12\/mnnb.png","width":556,"height":246,"caption":"M\u00e9xico Noticias"},"image":{"@id":"https:\/\/mexiconoticias.net\/#\/schema\/logo\/image\/"}},{"@type":"Person","@id":"https:\/\/mexiconoticias.net\/#\/schema\/person\/a00208b3b9fd28047cd184b7168ae083","name":"admin","image":{"@type":"ImageObject","inLanguage":"es","@id":"https:\/\/mexiconoticias.net\/#\/schema\/person\/image\/","url":"https:\/\/secure.gravatar.com\/avatar\/d6d3b9110f970ece0b451bc8cff830790cf8c9d5d49a1a41f2d2f57a0b42a564?s=96&d=mm&r=g","contentUrl":"https:\/\/secure.gravatar.com\/avatar\/d6d3b9110f970ece0b451bc8cff830790cf8c9d5d49a1a41f2d2f57a0b42a564?s=96&d=mm&r=g","caption":"admin"},"sameAs":["https:\/\/mexiconoticias.net"],"url":"https:\/\/mexiconoticias.net\/index.php\/author\/wp_useradmin_mexnoticias\/"}]}},"_links":{"self":[{"href":"https:\/\/mexiconoticias.net\/index.php\/wp-json\/wp\/v2\/posts\/713","targetHints":{"allow":["GET"]}}],"collection":[{"href":"https:\/\/mexiconoticias.net\/index.php\/wp-json\/wp\/v2\/posts"}],"about":[{"href":"https:\/\/mexiconoticias.net\/index.php\/wp-json\/wp\/v2\/types\/post"}],"author":[{"embeddable":true,"href":"https:\/\/mexiconoticias.net\/index.php\/wp-json\/wp\/v2\/users\/1"}],"replies":[{"embeddable":true,"href":"https:\/\/mexiconoticias.net\/index.php\/wp-json\/wp\/v2\/comments?post=713"}],"version-history":[{"count":1,"href":"https:\/\/mexiconoticias.net\/index.php\/wp-json\/wp\/v2\/posts\/713\/revisions"}],"predecessor-version":[{"id":715,"href":"https:\/\/mexiconoticias.net\/index.php\/wp-json\/wp\/v2\/posts\/713\/revisions\/715"}],"wp:featuredmedia":[{"embeddable":true,"href":"https:\/\/mexiconoticias.net\/index.php\/wp-json\/wp\/v2\/media\/714"}],"wp:attachment":[{"href":"https:\/\/mexiconoticias.net\/index.php\/wp-json\/wp\/v2\/media?parent=713"}],"wp:term":[{"taxonomy":"category","embeddable":true,"href":"https:\/\/mexiconoticias.net\/index.php\/wp-json\/wp\/v2\/categories?post=713"},{"taxonomy":"post_tag","embeddable":true,"href":"https:\/\/mexiconoticias.net\/index.php\/wp-json\/wp\/v2\/tags?post=713"}],"curies":[{"name":"wp","href":"https:\/\/api.w.org\/{rel}","templated":true}]}}