{"id":764,"date":"2025-02-11T17:51:09","date_gmt":"2025-02-11T17:51:09","guid":{"rendered":"https:\/\/mexiconoticias.net\/?p=764"},"modified":"2025-02-11T17:51:09","modified_gmt":"2025-02-11T17:51:09","slug":"claudia-sheinbaum-defiende-su-estrategia-de-seguridad-y-respalda-a-amlo","status":"publish","type":"post","link":"https:\/\/mexiconoticias.net\/index.php\/2025\/02\/11\/claudia-sheinbaum-defiende-su-estrategia-de-seguridad-y-respalda-a-amlo\/","title":{"rendered":"Claudia Sheinbaum defiende su estrategia de seguridad y respalda a AMLO"},"content":{"rendered":"\n<p>Durante su conferencia matutina de este lunes, la presidenta <strong>Claudia Sheinbaum Pardo<\/strong> sostuvo un debate con la periodista <strong>Dalila Escobar<\/strong>, quien la cuestion\u00f3 sobre la continuidad de su estrategia de seguridad en relaci\u00f3n con la implementada por el expresidente <strong>Andr\u00e9s Manuel L\u00f3pez Obrador<\/strong>. La conversaci\u00f3n se torn\u00f3 intensa cuando Escobar mencion\u00f3 una entrevista de <strong>Ismael &#8220;El Mayo&#8221; Zambada<\/strong>, donde el l\u00edder del <strong>C\u00e1rtel de Sinaloa<\/strong> afirmaba que el tr\u00e1fico de drogas continuar\u00eda sin importar la captura de sus l\u00edderes.<\/p>\n\n\n\n<p>Sheinbaum respondi\u00f3 que el narcotr\u00e1fico est\u00e1 vinculado a la demanda y que las preguntas sobre seguridad deb\u00edan dirigirse a su equipo especializado. Sin embargo, ante la insistencia de la periodista, la mandataria reafirm\u00f3 su respaldo a L\u00f3pez Obrador y explic\u00f3 que su estrategia de seguridad se basa en <strong>cuatro pilares<\/strong>, entre ellos la &#8220;atenci\u00f3n a las causas&#8221; y la pol\u00edtica de &#8220;cero impunidad&#8221;. Adem\u00e1s, acus\u00f3 a Escobar de intentar forzar una declaraci\u00f3n que no estaba dispuesta a dar, dejando claro que su plan mantiene la esencia del modelo de la pasada administraci\u00f3n, con ajustes espec\u00edficos para fortalecer su efectividad.<\/p>\n","protected":false},"excerpt":{"rendered":"<p>Durante su conferencia matutina de este lunes, la presidenta Claudia Sheinbaum Pardo sostuvo un debate con la periodista Dalila Escobar, [&hellip;]<\/p>\n","protected":false},"author":1,"featured_media":765,"comment_status":"open","ping_status":"open","sticky":false,"template":"","format":"standard","meta":{"site-sidebar-layout":"default","site-content-layout":"","ast-site-content-layout":"","site-content-style":"default","site-sidebar-style":"default","ast-global-header-display":"","ast-banner-title-visibility":"","ast-main-header-display":"","ast-hfb-above-header-display":"","ast-hfb-below-header-display":"","ast-hfb-mobile-header-display":"","site-post-title":"","ast-breadcrumbs-content":"","ast-featured-img":"","footer-sml-layout":"","theme-transparent-header-meta":"","adv-header-id-meta":"","stick-header-meta":"","header-above-stick-meta":"","header-main-stick-meta":"","header-below-stick-meta":"","astra-migrate-meta-layouts":"default","ast-page-background-enabled":"default","ast-page-background-meta":{"desktop":{"background-color":"var(--ast-global-color-4)","background-image":"","background-repeat":"repeat","background-position":"center center","background-size":"auto","background-attachment":"scroll","background-type":"","background-media":"","overlay-type":"","overlay-color":"","overlay-opacity":"","overlay-gradient":""},"tablet":{"background-color":"","background-image":"","background-repeat":"repeat","background-position":"center center","background-size":"auto","background-attachment":"scroll","background-type":"","background-media":"","overlay-type":"","overlay-color":"","overlay-opacity":"","overlay-gradient":""},"mobile":{"background-color":"","background-image":"","background-repeat":"repeat","background-position":"center center","background-size":"auto","background-attachment":"scroll","background-type":"","background-media":"","overlay-type":"","overlay-color":"","overlay-opacity":"","overlay-gradient":""}},"ast-content-background-meta":{"desktop":{"background-color":"var(--ast-global-color-5)","background-image":"","background-repeat":"repeat","background-position":"center center","background-size":"auto","background-attachment":"scroll","background-type":"","background-media":"","overlay-type":"","overlay-color":"","overlay-opacity":"","overlay-gradient":""},"tablet":{"background-color":"var(--ast-global-color-5)","background-image":"","background-repeat":"repeat","background-position":"center center","background-size":"auto","background-attachment":"scroll","background-type":"","background-media":"","overlay-type":"","overlay-color":"","overlay-opacity":"","overlay-gradient":""},"mobile":{"background-color":"var(--ast-global-color-5)","background-image":"","background-repeat":"repeat","background-position":"center center","background-size":"auto","background-attachment":"scroll","background-type":"","background-media":"","overlay-type":"","overlay-color":"","overlay-opacity":"","overlay-gradient":""}},"footnotes":""},"categories":[6],"tags":[],"class_list":["post-764","post","type-post","status-publish","format-standard","has-post-thumbnail","hentry","category-nacional"],"yoast_head":"<!-- This site is optimized with the Yoast SEO plugin v24.1 - https:\/\/yoast.com\/wordpress\/plugins\/seo\/ -->\n<title>Claudia Sheinbaum defiende su estrategia de seguridad y respalda a AMLO - M\u00e9xico Noticias<\/title>\n<meta name=\"robots\" content=\"index, follow, max-snippet:-1, max-image-preview:large, max-video-preview:-1\" \/>\n<link rel=\"canonical\" href=\"https:\/\/mexiconoticias.net\/index.php\/2025\/02\/11\/claudia-sheinbaum-defiende-su-estrategia-de-seguridad-y-respalda-a-amlo\/\" \/>\n<meta property=\"og:locale\" content=\"es_MX\" \/>\n<meta property=\"og:type\" content=\"article\" \/>\n<meta property=\"og:title\" content=\"Claudia Sheinbaum defiende su estrategia de seguridad y respalda a AMLO - M\u00e9xico Noticias\" \/>\n<meta property=\"og:description\" content=\"Durante su conferencia matutina de este lunes, la presidenta Claudia Sheinbaum Pardo sostuvo un debate con la periodista Dalila Escobar, [&hellip;]\" \/>\n<meta property=\"og:url\" content=\"https:\/\/mexiconoticias.net\/index.php\/2025\/02\/11\/claudia-sheinbaum-defiende-su-estrategia-de-seguridad-y-respalda-a-amlo\/\" \/>\n<meta property=\"og:site_name\" content=\"M\u00e9xico Noticias\" \/>\n<meta property=\"article:published_time\" content=\"2025-02-11T17:51:09+00:00\" \/>\n<meta property=\"og:image\" content=\"https:\/\/mexiconoticias.net\/wp-content\/uploads\/2025\/02\/cla.webp\" \/>\n\t<meta property=\"og:image:width\" content=\"770\" \/>\n\t<meta property=\"og:image:height\" content=\"485\" \/>\n\t<meta property=\"og:image:type\" content=\"image\/webp\" \/>\n<meta name=\"author\" content=\"admin\" \/>\n<meta name=\"twitter:card\" content=\"summary_large_image\" \/>\n<meta name=\"twitter:label1\" content=\"Escrito por\" \/>\n\t<meta name=\"twitter:data1\" content=\"admin\" \/>\n\t<meta name=\"twitter:label2\" content=\"Tiempo de lectura\" \/>\n\t<meta name=\"twitter:data2\" content=\"2 minutos\" \/>\n<script type=\"application\/ld+json\" class=\"yoast-schema-graph\">{\"@context\":\"https:\/\/schema.org\",\"@graph\":[{\"@type\":\"Article\",\"@id\":\"https:\/\/mexiconoticias.net\/index.php\/2025\/02\/11\/claudia-sheinbaum-defiende-su-estrategia-de-seguridad-y-respalda-a-amlo\/#article\",\"isPartOf\":{\"@id\":\"https:\/\/mexiconoticias.net\/index.php\/2025\/02\/11\/claudia-sheinbaum-defiende-su-estrategia-de-seguridad-y-respalda-a-amlo\/\"},\"author\":{\"name\":\"admin\",\"@id\":\"https:\/\/mexiconoticias.net\/#\/schema\/person\/a00208b3b9fd28047cd184b7168ae083\"},\"headline\":\"Claudia Sheinbaum defiende su estrategia de seguridad y respalda a AMLO\",\"datePublished\":\"2025-02-11T17:51:09+00:00\",\"dateModified\":\"2025-02-11T17:51:09+00:00\",\"mainEntityOfPage\":{\"@id\":\"https:\/\/mexiconoticias.net\/index.php\/2025\/02\/11\/claudia-sheinbaum-defiende-su-estrategia-de-seguridad-y-respalda-a-amlo\/\"},\"wordCount\":207,\"commentCount\":0,\"publisher\":{\"@id\":\"https:\/\/mexiconoticias.net\/#organization\"},\"image\":{\"@id\":\"https:\/\/mexiconoticias.net\/index.php\/2025\/02\/11\/claudia-sheinbaum-defiende-su-estrategia-de-seguridad-y-respalda-a-amlo\/#primaryimage\"},\"thumbnailUrl\":\"https:\/\/mexiconoticias.net\/wp-content\/uploads\/2025\/02\/cla.webp\",\"articleSection\":[\"Nacional\"],\"inLanguage\":\"es\",\"potentialAction\":[{\"@type\":\"CommentAction\",\"name\":\"Comment\",\"target\":[\"https:\/\/mexiconoticias.net\/index.php\/2025\/02\/11\/claudia-sheinbaum-defiende-su-estrategia-de-seguridad-y-respalda-a-amlo\/#respond\"]}]},{\"@type\":\"WebPage\",\"@id\":\"https:\/\/mexiconoticias.net\/index.php\/2025\/02\/11\/claudia-sheinbaum-defiende-su-estrategia-de-seguridad-y-respalda-a-amlo\/\",\"url\":\"https:\/\/mexiconoticias.net\/index.php\/2025\/02\/11\/claudia-sheinbaum-defiende-su-estrategia-de-seguridad-y-respalda-a-amlo\/\",\"name\":\"Claudia Sheinbaum defiende su estrategia de seguridad y respalda a AMLO - M\u00e9xico Noticias\",\"isPartOf\":{\"@id\":\"https:\/\/mexiconoticias.net\/#website\"},\"primaryImageOfPage\":{\"@id\":\"https:\/\/mexiconoticias.net\/index.php\/2025\/02\/11\/claudia-sheinbaum-defiende-su-estrategia-de-seguridad-y-respalda-a-amlo\/#primaryimage\"},\"image\":{\"@id\":\"https:\/\/mexiconoticias.net\/index.php\/2025\/02\/11\/claudia-sheinbaum-defiende-su-estrategia-de-seguridad-y-respalda-a-amlo\/#primaryimage\"},\"thumbnailUrl\":\"https:\/\/mexiconoticias.net\/wp-content\/uploads\/2025\/02\/cla.webp\",\"datePublished\":\"2025-02-11T17:51:09+00:00\",\"dateModified\":\"2025-02-11T17:51:09+00:00\",\"breadcrumb\":{\"@id\":\"https:\/\/mexiconoticias.net\/index.php\/2025\/02\/11\/claudia-sheinbaum-defiende-su-estrategia-de-seguridad-y-respalda-a-amlo\/#breadcrumb\"},\"inLanguage\":\"es\",\"potentialAction\":[{\"@type\":\"ReadAction\",\"target\":[\"https:\/\/mexiconoticias.net\/index.php\/2025\/02\/11\/claudia-sheinbaum-defiende-su-estrategia-de-seguridad-y-respalda-a-amlo\/\"]}]},{\"@type\":\"ImageObject\",\"inLanguage\":\"es\",\"@id\":\"https:\/\/mexiconoticias.net\/index.php\/2025\/02\/11\/claudia-sheinbaum-defiende-su-estrategia-de-seguridad-y-respalda-a-amlo\/#primaryimage\",\"url\":\"https:\/\/mexiconoticias.net\/wp-content\/uploads\/2025\/02\/cla.webp\",\"contentUrl\":\"https:\/\/mexiconoticias.net\/wp-content\/uploads\/2025\/02\/cla.webp\",\"width\":770,\"height\":485},{\"@type\":\"BreadcrumbList\",\"@id\":\"https:\/\/mexiconoticias.net\/index.php\/2025\/02\/11\/claudia-sheinbaum-defiende-su-estrategia-de-seguridad-y-respalda-a-amlo\/#breadcrumb\",\"itemListElement\":[{\"@type\":\"ListItem\",\"position\":1,\"name\":\"Inicio\",\"item\":\"https:\/\/mexiconoticias.net\/\"},{\"@type\":\"ListItem\",\"position\":2,\"name\":\"Claudia Sheinbaum defiende su estrategia de seguridad y respalda a AMLO\"}]},{\"@type\":\"WebSite\",\"@id\":\"https:\/\/mexiconoticias.net\/#website\",\"url\":\"https:\/\/mexiconoticias.net\/\",\"name\":\"M\u00e9xico Noticias\",\"description\":\"\",\"publisher\":{\"@id\":\"https:\/\/mexiconoticias.net\/#organization\"},\"potentialAction\":[{\"@type\":\"SearchAction\",\"target\":{\"@type\":\"EntryPoint\",\"urlTemplate\":\"https:\/\/mexiconoticias.net\/?s={search_term_string}\"},\"query-input\":{\"@type\":\"PropertyValueSpecification\",\"valueRequired\":true,\"valueName\":\"search_term_string\"}}],\"inLanguage\":\"es\"},{\"@type\":\"Organization\",\"@id\":\"https:\/\/mexiconoticias.net\/#organization\",\"name\":\"M\u00e9xico Noticias\",\"url\":\"https:\/\/mexiconoticias.net\/\",\"logo\":{\"@type\":\"ImageObject\",\"inLanguage\":\"es\",\"@id\":\"https:\/\/mexiconoticias.net\/#\/schema\/logo\/image\/\",\"url\":\"https:\/\/mexiconoticias.net\/wp-content\/uploads\/2024\/12\/mnnb.png\",\"contentUrl\":\"https:\/\/mexiconoticias.net\/wp-content\/uploads\/2024\/12\/mnnb.png\",\"width\":556,\"height\":246,\"caption\":\"M\u00e9xico Noticias\"},\"image\":{\"@id\":\"https:\/\/mexiconoticias.net\/#\/schema\/logo\/image\/\"}},{\"@type\":\"Person\",\"@id\":\"https:\/\/mexiconoticias.net\/#\/schema\/person\/a00208b3b9fd28047cd184b7168ae083\",\"name\":\"admin\",\"image\":{\"@type\":\"ImageObject\",\"inLanguage\":\"es\",\"@id\":\"https:\/\/mexiconoticias.net\/#\/schema\/person\/image\/\",\"url\":\"https:\/\/secure.gravatar.com\/avatar\/d6d3b9110f970ece0b451bc8cff830790cf8c9d5d49a1a41f2d2f57a0b42a564?s=96&d=mm&r=g\",\"contentUrl\":\"https:\/\/secure.gravatar.com\/avatar\/d6d3b9110f970ece0b451bc8cff830790cf8c9d5d49a1a41f2d2f57a0b42a564?s=96&d=mm&r=g\",\"caption\":\"admin\"},\"sameAs\":[\"https:\/\/mexiconoticias.net\"],\"url\":\"https:\/\/mexiconoticias.net\/index.php\/author\/wp_useradmin_mexnoticias\/\"}]}<\/script>\n<!-- \/ Yoast SEO plugin. -->","yoast_head_json":{"title":"Claudia Sheinbaum defiende su estrategia de seguridad y respalda a AMLO - M\u00e9xico Noticias","robots":{"index":"index","follow":"follow","max-snippet":"max-snippet:-1","max-image-preview":"max-image-preview:large","max-video-preview":"max-video-preview:-1"},"canonical":"https:\/\/mexiconoticias.net\/index.php\/2025\/02\/11\/claudia-sheinbaum-defiende-su-estrategia-de-seguridad-y-respalda-a-amlo\/","og_locale":"es_MX","og_type":"article","og_title":"Claudia Sheinbaum defiende su estrategia de seguridad y respalda a AMLO - M\u00e9xico Noticias","og_description":"Durante su conferencia matutina de este lunes, la presidenta Claudia Sheinbaum Pardo sostuvo un debate con la periodista Dalila Escobar, [&hellip;]","og_url":"https:\/\/mexiconoticias.net\/index.php\/2025\/02\/11\/claudia-sheinbaum-defiende-su-estrategia-de-seguridad-y-respalda-a-amlo\/","og_site_name":"M\u00e9xico Noticias","article_published_time":"2025-02-11T17:51:09+00:00","og_image":[{"width":770,"height":485,"url":"https:\/\/mexiconoticias.net\/wp-content\/uploads\/2025\/02\/cla.webp","type":"image\/webp"}],"author":"admin","twitter_card":"summary_large_image","twitter_misc":{"Escrito por":"admin","Tiempo de lectura":"2 minutos"},"schema":{"@context":"https:\/\/schema.org","@graph":[{"@type":"Article","@id":"https:\/\/mexiconoticias.net\/index.php\/2025\/02\/11\/claudia-sheinbaum-defiende-su-estrategia-de-seguridad-y-respalda-a-amlo\/#article","isPartOf":{"@id":"https:\/\/mexiconoticias.net\/index.php\/2025\/02\/11\/claudia-sheinbaum-defiende-su-estrategia-de-seguridad-y-respalda-a-amlo\/"},"author":{"name":"admin","@id":"https:\/\/mexiconoticias.net\/#\/schema\/person\/a00208b3b9fd28047cd184b7168ae083"},"headline":"Claudia Sheinbaum defiende su estrategia de seguridad y respalda a AMLO","datePublished":"2025-02-11T17:51:09+00:00","dateModified":"2025-02-11T17:51:09+00:00","mainEntityOfPage":{"@id":"https:\/\/mexiconoticias.net\/index.php\/2025\/02\/11\/claudia-sheinbaum-defiende-su-estrategia-de-seguridad-y-respalda-a-amlo\/"},"wordCount":207,"commentCount":0,"publisher":{"@id":"https:\/\/mexiconoticias.net\/#organization"},"image":{"@id":"https:\/\/mexiconoticias.net\/index.php\/2025\/02\/11\/claudia-sheinbaum-defiende-su-estrategia-de-seguridad-y-respalda-a-amlo\/#primaryimage"},"thumbnailUrl":"https:\/\/mexiconoticias.net\/wp-content\/uploads\/2025\/02\/cla.webp","articleSection":["Nacional"],"inLanguage":"es","potentialAction":[{"@type":"CommentAction","name":"Comment","target":["https:\/\/mexiconoticias.net\/index.php\/2025\/02\/11\/claudia-sheinbaum-defiende-su-estrategia-de-seguridad-y-respalda-a-amlo\/#respond"]}]},{"@type":"WebPage","@id":"https:\/\/mexiconoticias.net\/index.php\/2025\/02\/11\/claudia-sheinbaum-defiende-su-estrategia-de-seguridad-y-respalda-a-amlo\/","url":"https:\/\/mexiconoticias.net\/index.php\/2025\/02\/11\/claudia-sheinbaum-defiende-su-estrategia-de-seguridad-y-respalda-a-amlo\/","name":"Claudia Sheinbaum defiende su estrategia de seguridad y respalda a AMLO - M\u00e9xico Noticias","isPartOf":{"@id":"https:\/\/mexiconoticias.net\/#website"},"primaryImageOfPage":{"@id":"https:\/\/mexiconoticias.net\/index.php\/2025\/02\/11\/claudia-sheinbaum-defiende-su-estrategia-de-seguridad-y-respalda-a-amlo\/#primaryimage"},"image":{"@id":"https:\/\/mexiconoticias.net\/index.php\/2025\/02\/11\/claudia-sheinbaum-defiende-su-estrategia-de-seguridad-y-respalda-a-amlo\/#primaryimage"},"thumbnailUrl":"https:\/\/mexiconoticias.net\/wp-content\/uploads\/2025\/02\/cla.webp","datePublished":"2025-02-11T17:51:09+00:00","dateModified":"2025-02-11T17:51:09+00:00","breadcrumb":{"@id":"https:\/\/mexiconoticias.net\/index.php\/2025\/02\/11\/claudia-sheinbaum-defiende-su-estrategia-de-seguridad-y-respalda-a-amlo\/#breadcrumb"},"inLanguage":"es","potentialAction":[{"@type":"ReadAction","target":["https:\/\/mexiconoticias.net\/index.php\/2025\/02\/11\/claudia-sheinbaum-defiende-su-estrategia-de-seguridad-y-respalda-a-amlo\/"]}]},{"@type":"ImageObject","inLanguage":"es","@id":"https:\/\/mexiconoticias.net\/index.php\/2025\/02\/11\/claudia-sheinbaum-defiende-su-estrategia-de-seguridad-y-respalda-a-amlo\/#primaryimage","url":"https:\/\/mexiconoticias.net\/wp-content\/uploads\/2025\/02\/cla.webp","contentUrl":"https:\/\/mexiconoticias.net\/wp-content\/uploads\/2025\/02\/cla.webp","width":770,"height":485},{"@type":"BreadcrumbList","@id":"https:\/\/mexiconoticias.net\/index.php\/2025\/02\/11\/claudia-sheinbaum-defiende-su-estrategia-de-seguridad-y-respalda-a-amlo\/#breadcrumb","itemListElement":[{"@type":"ListItem","position":1,"name":"Inicio","item":"https:\/\/mexiconoticias.net\/"},{"@type":"ListItem","position":2,"name":"Claudia Sheinbaum defiende su estrategia de seguridad y respalda a AMLO"}]},{"@type":"WebSite","@id":"https:\/\/mexiconoticias.net\/#website","url":"https:\/\/mexiconoticias.net\/","name":"M\u00e9xico Noticias","description":"","publisher":{"@id":"https:\/\/mexiconoticias.net\/#organization"},"potentialAction":[{"@type":"SearchAction","target":{"@type":"EntryPoint","urlTemplate":"https:\/\/mexiconoticias.net\/?s={search_term_string}"},"query-input":{"@type":"PropertyValueSpecification","valueRequired":true,"valueName":"search_term_string"}}],"inLanguage":"es"},{"@type":"Organization","@id":"https:\/\/mexiconoticias.net\/#organization","name":"M\u00e9xico Noticias","url":"https:\/\/mexiconoticias.net\/","logo":{"@type":"ImageObject","inLanguage":"es","@id":"https:\/\/mexiconoticias.net\/#\/schema\/logo\/image\/","url":"https:\/\/mexiconoticias.net\/wp-content\/uploads\/2024\/12\/mnnb.png","contentUrl":"https:\/\/mexiconoticias.net\/wp-content\/uploads\/2024\/12\/mnnb.png","width":556,"height":246,"caption":"M\u00e9xico Noticias"},"image":{"@id":"https:\/\/mexiconoticias.net\/#\/schema\/logo\/image\/"}},{"@type":"Person","@id":"https:\/\/mexiconoticias.net\/#\/schema\/person\/a00208b3b9fd28047cd184b7168ae083","name":"admin","image":{"@type":"ImageObject","inLanguage":"es","@id":"https:\/\/mexiconoticias.net\/#\/schema\/person\/image\/","url":"https:\/\/secure.gravatar.com\/avatar\/d6d3b9110f970ece0b451bc8cff830790cf8c9d5d49a1a41f2d2f57a0b42a564?s=96&d=mm&r=g","contentUrl":"https:\/\/secure.gravatar.com\/avatar\/d6d3b9110f970ece0b451bc8cff830790cf8c9d5d49a1a41f2d2f57a0b42a564?s=96&d=mm&r=g","caption":"admin"},"sameAs":["https:\/\/mexiconoticias.net"],"url":"https:\/\/mexiconoticias.net\/index.php\/author\/wp_useradmin_mexnoticias\/"}]}},"_links":{"self":[{"href":"https:\/\/mexiconoticias.net\/index.php\/wp-json\/wp\/v2\/posts\/764","targetHints":{"allow":["GET"]}}],"collection":[{"href":"https:\/\/mexiconoticias.net\/index.php\/wp-json\/wp\/v2\/posts"}],"about":[{"href":"https:\/\/mexiconoticias.net\/index.php\/wp-json\/wp\/v2\/types\/post"}],"author":[{"embeddable":true,"href":"https:\/\/mexiconoticias.net\/index.php\/wp-json\/wp\/v2\/users\/1"}],"replies":[{"embeddable":true,"href":"https:\/\/mexiconoticias.net\/index.php\/wp-json\/wp\/v2\/comments?post=764"}],"version-history":[{"count":1,"href":"https:\/\/mexiconoticias.net\/index.php\/wp-json\/wp\/v2\/posts\/764\/revisions"}],"predecessor-version":[{"id":766,"href":"https:\/\/mexiconoticias.net\/index.php\/wp-json\/wp\/v2\/posts\/764\/revisions\/766"}],"wp:featuredmedia":[{"embeddable":true,"href":"https:\/\/mexiconoticias.net\/index.php\/wp-json\/wp\/v2\/media\/765"}],"wp:attachment":[{"href":"https:\/\/mexiconoticias.net\/index.php\/wp-json\/wp\/v2\/media?parent=764"}],"wp:term":[{"taxonomy":"category","embeddable":true,"href":"https:\/\/mexiconoticias.net\/index.php\/wp-json\/wp\/v2\/categories?post=764"},{"taxonomy":"post_tag","embeddable":true,"href":"https:\/\/mexiconoticias.net\/index.php\/wp-json\/wp\/v2\/tags?post=764"}],"curies":[{"name":"wp","href":"https:\/\/api.w.org\/{rel}","templated":true}]}}