{"id":959,"date":"2025-03-11T18:16:08","date_gmt":"2025-03-11T18:16:08","guid":{"rendered":"https:\/\/mexiconoticias.net\/?p=959"},"modified":"2025-03-11T18:16:08","modified_gmt":"2025-03-11T18:16:08","slug":"amazon-se-une-como-patrocinador-de-la-seleccion-mexicana-y-la-liga-mx-hasta-el-mundial-2026","status":"publish","type":"post","link":"https:\/\/mexiconoticias.net\/index.php\/2025\/03\/11\/amazon-se-une-como-patrocinador-de-la-seleccion-mexicana-y-la-liga-mx-hasta-el-mundial-2026\/","title":{"rendered":"Amazon se Une como Patrocinador de la Selecci\u00f3n Mexicana y la Liga MX Hasta el Mundial 2026"},"content":{"rendered":"\n<p>La <strong>Selecci\u00f3n Mexicana, la Liga MX y la Liga MX Femenil<\/strong> anunciaron a <strong>Amazon<\/strong> como su <strong>nuevo patrocinador oficial<\/strong>, en una alianza estrat\u00e9gica que se mantendr\u00e1 hasta el <strong>Mundial de 2026<\/strong>.<\/p>\n\n\n\n<p>En el evento estuvieron presentes <strong>Mikel Arriola<\/strong>, nuevo Comisionado de la <strong>Federaci\u00f3n Mexicana de Futbol (FMF)<\/strong>, <strong>Ivar Sisniega<\/strong>, Presidente Ejecutivo, <strong>Mariana Guti\u00e9rrez<\/strong>, Presidenta de la <strong>Liga MX Femenil<\/strong>, la futbolista <strong>Charlyn Corral<\/strong> y el <strong>Director General de Amazon M\u00e9xico, Pedro Huerta<\/strong>. Huerta destac\u00f3 que el <strong>futbol une a los mexicanos<\/strong> y que Amazon busca ser parte de esa pasi\u00f3n, consolidando su presencia en el pa\u00eds a trav\u00e9s del deporte.<\/p>\n","protected":false},"excerpt":{"rendered":"<p>La Selecci\u00f3n Mexicana, la Liga MX y la Liga MX Femenil anunciaron a Amazon como su nuevo patrocinador oficial, en [&hellip;]<\/p>\n","protected":false},"author":1,"featured_media":960,"comment_status":"open","ping_status":"open","sticky":false,"template":"","format":"standard","meta":{"site-sidebar-layout":"default","site-content-layout":"","ast-site-content-layout":"","site-content-style":"default","site-sidebar-style":"default","ast-global-header-display":"","ast-banner-title-visibility":"","ast-main-header-display":"","ast-hfb-above-header-display":"","ast-hfb-below-header-display":"","ast-hfb-mobile-header-display":"","site-post-title":"","ast-breadcrumbs-content":"","ast-featured-img":"","footer-sml-layout":"","theme-transparent-header-meta":"","adv-header-id-meta":"","stick-header-meta":"","header-above-stick-meta":"","header-main-stick-meta":"","header-below-stick-meta":"","astra-migrate-meta-layouts":"default","ast-page-background-enabled":"default","ast-page-background-meta":{"desktop":{"background-color":"var(--ast-global-color-4)","background-image":"","background-repeat":"repeat","background-position":"center center","background-size":"auto","background-attachment":"scroll","background-type":"","background-media":"","overlay-type":"","overlay-color":"","overlay-opacity":"","overlay-gradient":""},"tablet":{"background-color":"","background-image":"","background-repeat":"repeat","background-position":"center center","background-size":"auto","background-attachment":"scroll","background-type":"","background-media":"","overlay-type":"","overlay-color":"","overlay-opacity":"","overlay-gradient":""},"mobile":{"background-color":"","background-image":"","background-repeat":"repeat","background-position":"center center","background-size":"auto","background-attachment":"scroll","background-type":"","background-media":"","overlay-type":"","overlay-color":"","overlay-opacity":"","overlay-gradient":""}},"ast-content-background-meta":{"desktop":{"background-color":"var(--ast-global-color-5)","background-image":"","background-repeat":"repeat","background-position":"center center","background-size":"auto","background-attachment":"scroll","background-type":"","background-media":"","overlay-type":"","overlay-color":"","overlay-opacity":"","overlay-gradient":""},"tablet":{"background-color":"var(--ast-global-color-5)","background-image":"","background-repeat":"repeat","background-position":"center center","background-size":"auto","background-attachment":"scroll","background-type":"","background-media":"","overlay-type":"","overlay-color":"","overlay-opacity":"","overlay-gradient":""},"mobile":{"background-color":"var(--ast-global-color-5)","background-image":"","background-repeat":"repeat","background-position":"center center","background-size":"auto","background-attachment":"scroll","background-type":"","background-media":"","overlay-type":"","overlay-color":"","overlay-opacity":"","overlay-gradient":""}},"footnotes":""},"categories":[12],"tags":[],"class_list":["post-959","post","type-post","status-publish","format-standard","has-post-thumbnail","hentry","category-deportes"],"yoast_head":"<!-- This site is optimized with the Yoast SEO plugin v24.1 - https:\/\/yoast.com\/wordpress\/plugins\/seo\/ -->\n<title>Amazon se Une como Patrocinador de la Selecci\u00f3n Mexicana y la Liga MX Hasta el Mundial 2026 - M\u00e9xico Noticias<\/title>\n<meta name=\"robots\" content=\"index, follow, max-snippet:-1, max-image-preview:large, max-video-preview:-1\" \/>\n<link rel=\"canonical\" href=\"https:\/\/mexiconoticias.net\/index.php\/2025\/03\/11\/amazon-se-une-como-patrocinador-de-la-seleccion-mexicana-y-la-liga-mx-hasta-el-mundial-2026\/\" \/>\n<meta property=\"og:locale\" content=\"es_MX\" \/>\n<meta property=\"og:type\" content=\"article\" \/>\n<meta property=\"og:title\" content=\"Amazon se Une como Patrocinador de la Selecci\u00f3n Mexicana y la Liga MX Hasta el Mundial 2026 - M\u00e9xico Noticias\" \/>\n<meta property=\"og:description\" content=\"La Selecci\u00f3n Mexicana, la Liga MX y la Liga MX Femenil anunciaron a Amazon como su nuevo patrocinador oficial, en [&hellip;]\" \/>\n<meta property=\"og:url\" content=\"https:\/\/mexiconoticias.net\/index.php\/2025\/03\/11\/amazon-se-une-como-patrocinador-de-la-seleccion-mexicana-y-la-liga-mx-hasta-el-mundial-2026\/\" \/>\n<meta property=\"og:site_name\" content=\"M\u00e9xico Noticias\" \/>\n<meta property=\"article:published_time\" content=\"2025-03-11T18:16:08+00:00\" \/>\n<meta property=\"og:image\" content=\"https:\/\/mexiconoticias.net\/wp-content\/uploads\/2025\/03\/AMAZON.png\" \/>\n\t<meta property=\"og:image:width\" content=\"1200\" \/>\n\t<meta property=\"og:image:height\" content=\"630\" \/>\n\t<meta property=\"og:image:type\" content=\"image\/png\" \/>\n<meta name=\"author\" content=\"admin\" \/>\n<meta name=\"twitter:card\" content=\"summary_large_image\" \/>\n<meta name=\"twitter:label1\" content=\"Escrito por\" \/>\n\t<meta name=\"twitter:data1\" content=\"admin\" \/>\n\t<meta name=\"twitter:label2\" content=\"Tiempo de lectura\" \/>\n\t<meta name=\"twitter:data2\" content=\"1 minuto\" \/>\n<script type=\"application\/ld+json\" class=\"yoast-schema-graph\">{\"@context\":\"https:\/\/schema.org\",\"@graph\":[{\"@type\":\"Article\",\"@id\":\"https:\/\/mexiconoticias.net\/index.php\/2025\/03\/11\/amazon-se-une-como-patrocinador-de-la-seleccion-mexicana-y-la-liga-mx-hasta-el-mundial-2026\/#article\",\"isPartOf\":{\"@id\":\"https:\/\/mexiconoticias.net\/index.php\/2025\/03\/11\/amazon-se-une-como-patrocinador-de-la-seleccion-mexicana-y-la-liga-mx-hasta-el-mundial-2026\/\"},\"author\":{\"name\":\"admin\",\"@id\":\"https:\/\/mexiconoticias.net\/#\/schema\/person\/a00208b3b9fd28047cd184b7168ae083\"},\"headline\":\"Amazon se Une como Patrocinador de la Selecci\u00f3n Mexicana y la Liga MX Hasta el Mundial 2026\",\"datePublished\":\"2025-03-11T18:16:08+00:00\",\"dateModified\":\"2025-03-11T18:16:08+00:00\",\"mainEntityOfPage\":{\"@id\":\"https:\/\/mexiconoticias.net\/index.php\/2025\/03\/11\/amazon-se-une-como-patrocinador-de-la-seleccion-mexicana-y-la-liga-mx-hasta-el-mundial-2026\/\"},\"wordCount\":124,\"commentCount\":0,\"publisher\":{\"@id\":\"https:\/\/mexiconoticias.net\/#organization\"},\"image\":{\"@id\":\"https:\/\/mexiconoticias.net\/index.php\/2025\/03\/11\/amazon-se-une-como-patrocinador-de-la-seleccion-mexicana-y-la-liga-mx-hasta-el-mundial-2026\/#primaryimage\"},\"thumbnailUrl\":\"https:\/\/mexiconoticias.net\/wp-content\/uploads\/2025\/03\/AMAZON.png\",\"articleSection\":[\"Deportes\"],\"inLanguage\":\"es\",\"potentialAction\":[{\"@type\":\"CommentAction\",\"name\":\"Comment\",\"target\":[\"https:\/\/mexiconoticias.net\/index.php\/2025\/03\/11\/amazon-se-une-como-patrocinador-de-la-seleccion-mexicana-y-la-liga-mx-hasta-el-mundial-2026\/#respond\"]}]},{\"@type\":\"WebPage\",\"@id\":\"https:\/\/mexiconoticias.net\/index.php\/2025\/03\/11\/amazon-se-une-como-patrocinador-de-la-seleccion-mexicana-y-la-liga-mx-hasta-el-mundial-2026\/\",\"url\":\"https:\/\/mexiconoticias.net\/index.php\/2025\/03\/11\/amazon-se-une-como-patrocinador-de-la-seleccion-mexicana-y-la-liga-mx-hasta-el-mundial-2026\/\",\"name\":\"Amazon se Une como Patrocinador de la Selecci\u00f3n Mexicana y la Liga MX Hasta el Mundial 2026 - M\u00e9xico Noticias\",\"isPartOf\":{\"@id\":\"https:\/\/mexiconoticias.net\/#website\"},\"primaryImageOfPage\":{\"@id\":\"https:\/\/mexiconoticias.net\/index.php\/2025\/03\/11\/amazon-se-une-como-patrocinador-de-la-seleccion-mexicana-y-la-liga-mx-hasta-el-mundial-2026\/#primaryimage\"},\"image\":{\"@id\":\"https:\/\/mexiconoticias.net\/index.php\/2025\/03\/11\/amazon-se-une-como-patrocinador-de-la-seleccion-mexicana-y-la-liga-mx-hasta-el-mundial-2026\/#primaryimage\"},\"thumbnailUrl\":\"https:\/\/mexiconoticias.net\/wp-content\/uploads\/2025\/03\/AMAZON.png\",\"datePublished\":\"2025-03-11T18:16:08+00:00\",\"dateModified\":\"2025-03-11T18:16:08+00:00\",\"breadcrumb\":{\"@id\":\"https:\/\/mexiconoticias.net\/index.php\/2025\/03\/11\/amazon-se-une-como-patrocinador-de-la-seleccion-mexicana-y-la-liga-mx-hasta-el-mundial-2026\/#breadcrumb\"},\"inLanguage\":\"es\",\"potentialAction\":[{\"@type\":\"ReadAction\",\"target\":[\"https:\/\/mexiconoticias.net\/index.php\/2025\/03\/11\/amazon-se-une-como-patrocinador-de-la-seleccion-mexicana-y-la-liga-mx-hasta-el-mundial-2026\/\"]}]},{\"@type\":\"ImageObject\",\"inLanguage\":\"es\",\"@id\":\"https:\/\/mexiconoticias.net\/index.php\/2025\/03\/11\/amazon-se-une-como-patrocinador-de-la-seleccion-mexicana-y-la-liga-mx-hasta-el-mundial-2026\/#primaryimage\",\"url\":\"https:\/\/mexiconoticias.net\/wp-content\/uploads\/2025\/03\/AMAZON.png\",\"contentUrl\":\"https:\/\/mexiconoticias.net\/wp-content\/uploads\/2025\/03\/AMAZON.png\",\"width\":1200,\"height\":630},{\"@type\":\"BreadcrumbList\",\"@id\":\"https:\/\/mexiconoticias.net\/index.php\/2025\/03\/11\/amazon-se-une-como-patrocinador-de-la-seleccion-mexicana-y-la-liga-mx-hasta-el-mundial-2026\/#breadcrumb\",\"itemListElement\":[{\"@type\":\"ListItem\",\"position\":1,\"name\":\"Inicio\",\"item\":\"https:\/\/mexiconoticias.net\/\"},{\"@type\":\"ListItem\",\"position\":2,\"name\":\"Amazon se Une como Patrocinador de la Selecci\u00f3n Mexicana y la Liga MX Hasta el Mundial 2026\"}]},{\"@type\":\"WebSite\",\"@id\":\"https:\/\/mexiconoticias.net\/#website\",\"url\":\"https:\/\/mexiconoticias.net\/\",\"name\":\"M\u00e9xico Noticias\",\"description\":\"\",\"publisher\":{\"@id\":\"https:\/\/mexiconoticias.net\/#organization\"},\"potentialAction\":[{\"@type\":\"SearchAction\",\"target\":{\"@type\":\"EntryPoint\",\"urlTemplate\":\"https:\/\/mexiconoticias.net\/?s={search_term_string}\"},\"query-input\":{\"@type\":\"PropertyValueSpecification\",\"valueRequired\":true,\"valueName\":\"search_term_string\"}}],\"inLanguage\":\"es\"},{\"@type\":\"Organization\",\"@id\":\"https:\/\/mexiconoticias.net\/#organization\",\"name\":\"M\u00e9xico Noticias\",\"url\":\"https:\/\/mexiconoticias.net\/\",\"logo\":{\"@type\":\"ImageObject\",\"inLanguage\":\"es\",\"@id\":\"https:\/\/mexiconoticias.net\/#\/schema\/logo\/image\/\",\"url\":\"https:\/\/mexiconoticias.net\/wp-content\/uploads\/2024\/12\/mnnb.png\",\"contentUrl\":\"https:\/\/mexiconoticias.net\/wp-content\/uploads\/2024\/12\/mnnb.png\",\"width\":556,\"height\":246,\"caption\":\"M\u00e9xico Noticias\"},\"image\":{\"@id\":\"https:\/\/mexiconoticias.net\/#\/schema\/logo\/image\/\"}},{\"@type\":\"Person\",\"@id\":\"https:\/\/mexiconoticias.net\/#\/schema\/person\/a00208b3b9fd28047cd184b7168ae083\",\"name\":\"admin\",\"image\":{\"@type\":\"ImageObject\",\"inLanguage\":\"es\",\"@id\":\"https:\/\/mexiconoticias.net\/#\/schema\/person\/image\/\",\"url\":\"https:\/\/secure.gravatar.com\/avatar\/d6d3b9110f970ece0b451bc8cff830790cf8c9d5d49a1a41f2d2f57a0b42a564?s=96&d=mm&r=g\",\"contentUrl\":\"https:\/\/secure.gravatar.com\/avatar\/d6d3b9110f970ece0b451bc8cff830790cf8c9d5d49a1a41f2d2f57a0b42a564?s=96&d=mm&r=g\",\"caption\":\"admin\"},\"sameAs\":[\"https:\/\/mexiconoticias.net\"],\"url\":\"https:\/\/mexiconoticias.net\/index.php\/author\/wp_useradmin_mexnoticias\/\"}]}<\/script>\n<!-- \/ Yoast SEO plugin. -->","yoast_head_json":{"title":"Amazon se Une como Patrocinador de la Selecci\u00f3n Mexicana y la Liga MX Hasta el Mundial 2026 - M\u00e9xico Noticias","robots":{"index":"index","follow":"follow","max-snippet":"max-snippet:-1","max-image-preview":"max-image-preview:large","max-video-preview":"max-video-preview:-1"},"canonical":"https:\/\/mexiconoticias.net\/index.php\/2025\/03\/11\/amazon-se-une-como-patrocinador-de-la-seleccion-mexicana-y-la-liga-mx-hasta-el-mundial-2026\/","og_locale":"es_MX","og_type":"article","og_title":"Amazon se Une como Patrocinador de la Selecci\u00f3n Mexicana y la Liga MX Hasta el Mundial 2026 - M\u00e9xico Noticias","og_description":"La Selecci\u00f3n Mexicana, la Liga MX y la Liga MX Femenil anunciaron a Amazon como su nuevo patrocinador oficial, en [&hellip;]","og_url":"https:\/\/mexiconoticias.net\/index.php\/2025\/03\/11\/amazon-se-une-como-patrocinador-de-la-seleccion-mexicana-y-la-liga-mx-hasta-el-mundial-2026\/","og_site_name":"M\u00e9xico Noticias","article_published_time":"2025-03-11T18:16:08+00:00","og_image":[{"width":1200,"height":630,"url":"https:\/\/mexiconoticias.net\/wp-content\/uploads\/2025\/03\/AMAZON.png","type":"image\/png"}],"author":"admin","twitter_card":"summary_large_image","twitter_misc":{"Escrito por":"admin","Tiempo de lectura":"1 minuto"},"schema":{"@context":"https:\/\/schema.org","@graph":[{"@type":"Article","@id":"https:\/\/mexiconoticias.net\/index.php\/2025\/03\/11\/amazon-se-une-como-patrocinador-de-la-seleccion-mexicana-y-la-liga-mx-hasta-el-mundial-2026\/#article","isPartOf":{"@id":"https:\/\/mexiconoticias.net\/index.php\/2025\/03\/11\/amazon-se-une-como-patrocinador-de-la-seleccion-mexicana-y-la-liga-mx-hasta-el-mundial-2026\/"},"author":{"name":"admin","@id":"https:\/\/mexiconoticias.net\/#\/schema\/person\/a00208b3b9fd28047cd184b7168ae083"},"headline":"Amazon se Une como Patrocinador de la Selecci\u00f3n Mexicana y la Liga MX Hasta el Mundial 2026","datePublished":"2025-03-11T18:16:08+00:00","dateModified":"2025-03-11T18:16:08+00:00","mainEntityOfPage":{"@id":"https:\/\/mexiconoticias.net\/index.php\/2025\/03\/11\/amazon-se-une-como-patrocinador-de-la-seleccion-mexicana-y-la-liga-mx-hasta-el-mundial-2026\/"},"wordCount":124,"commentCount":0,"publisher":{"@id":"https:\/\/mexiconoticias.net\/#organization"},"image":{"@id":"https:\/\/mexiconoticias.net\/index.php\/2025\/03\/11\/amazon-se-une-como-patrocinador-de-la-seleccion-mexicana-y-la-liga-mx-hasta-el-mundial-2026\/#primaryimage"},"thumbnailUrl":"https:\/\/mexiconoticias.net\/wp-content\/uploads\/2025\/03\/AMAZON.png","articleSection":["Deportes"],"inLanguage":"es","potentialAction":[{"@type":"CommentAction","name":"Comment","target":["https:\/\/mexiconoticias.net\/index.php\/2025\/03\/11\/amazon-se-une-como-patrocinador-de-la-seleccion-mexicana-y-la-liga-mx-hasta-el-mundial-2026\/#respond"]}]},{"@type":"WebPage","@id":"https:\/\/mexiconoticias.net\/index.php\/2025\/03\/11\/amazon-se-une-como-patrocinador-de-la-seleccion-mexicana-y-la-liga-mx-hasta-el-mundial-2026\/","url":"https:\/\/mexiconoticias.net\/index.php\/2025\/03\/11\/amazon-se-une-como-patrocinador-de-la-seleccion-mexicana-y-la-liga-mx-hasta-el-mundial-2026\/","name":"Amazon se Une como Patrocinador de la Selecci\u00f3n Mexicana y la Liga MX Hasta el Mundial 2026 - M\u00e9xico Noticias","isPartOf":{"@id":"https:\/\/mexiconoticias.net\/#website"},"primaryImageOfPage":{"@id":"https:\/\/mexiconoticias.net\/index.php\/2025\/03\/11\/amazon-se-une-como-patrocinador-de-la-seleccion-mexicana-y-la-liga-mx-hasta-el-mundial-2026\/#primaryimage"},"image":{"@id":"https:\/\/mexiconoticias.net\/index.php\/2025\/03\/11\/amazon-se-une-como-patrocinador-de-la-seleccion-mexicana-y-la-liga-mx-hasta-el-mundial-2026\/#primaryimage"},"thumbnailUrl":"https:\/\/mexiconoticias.net\/wp-content\/uploads\/2025\/03\/AMAZON.png","datePublished":"2025-03-11T18:16:08+00:00","dateModified":"2025-03-11T18:16:08+00:00","breadcrumb":{"@id":"https:\/\/mexiconoticias.net\/index.php\/2025\/03\/11\/amazon-se-une-como-patrocinador-de-la-seleccion-mexicana-y-la-liga-mx-hasta-el-mundial-2026\/#breadcrumb"},"inLanguage":"es","potentialAction":[{"@type":"ReadAction","target":["https:\/\/mexiconoticias.net\/index.php\/2025\/03\/11\/amazon-se-une-como-patrocinador-de-la-seleccion-mexicana-y-la-liga-mx-hasta-el-mundial-2026\/"]}]},{"@type":"ImageObject","inLanguage":"es","@id":"https:\/\/mexiconoticias.net\/index.php\/2025\/03\/11\/amazon-se-une-como-patrocinador-de-la-seleccion-mexicana-y-la-liga-mx-hasta-el-mundial-2026\/#primaryimage","url":"https:\/\/mexiconoticias.net\/wp-content\/uploads\/2025\/03\/AMAZON.png","contentUrl":"https:\/\/mexiconoticias.net\/wp-content\/uploads\/2025\/03\/AMAZON.png","width":1200,"height":630},{"@type":"BreadcrumbList","@id":"https:\/\/mexiconoticias.net\/index.php\/2025\/03\/11\/amazon-se-une-como-patrocinador-de-la-seleccion-mexicana-y-la-liga-mx-hasta-el-mundial-2026\/#breadcrumb","itemListElement":[{"@type":"ListItem","position":1,"name":"Inicio","item":"https:\/\/mexiconoticias.net\/"},{"@type":"ListItem","position":2,"name":"Amazon se Une como Patrocinador de la Selecci\u00f3n Mexicana y la Liga MX Hasta el Mundial 2026"}]},{"@type":"WebSite","@id":"https:\/\/mexiconoticias.net\/#website","url":"https:\/\/mexiconoticias.net\/","name":"M\u00e9xico Noticias","description":"","publisher":{"@id":"https:\/\/mexiconoticias.net\/#organization"},"potentialAction":[{"@type":"SearchAction","target":{"@type":"EntryPoint","urlTemplate":"https:\/\/mexiconoticias.net\/?s={search_term_string}"},"query-input":{"@type":"PropertyValueSpecification","valueRequired":true,"valueName":"search_term_string"}}],"inLanguage":"es"},{"@type":"Organization","@id":"https:\/\/mexiconoticias.net\/#organization","name":"M\u00e9xico Noticias","url":"https:\/\/mexiconoticias.net\/","logo":{"@type":"ImageObject","inLanguage":"es","@id":"https:\/\/mexiconoticias.net\/#\/schema\/logo\/image\/","url":"https:\/\/mexiconoticias.net\/wp-content\/uploads\/2024\/12\/mnnb.png","contentUrl":"https:\/\/mexiconoticias.net\/wp-content\/uploads\/2024\/12\/mnnb.png","width":556,"height":246,"caption":"M\u00e9xico Noticias"},"image":{"@id":"https:\/\/mexiconoticias.net\/#\/schema\/logo\/image\/"}},{"@type":"Person","@id":"https:\/\/mexiconoticias.net\/#\/schema\/person\/a00208b3b9fd28047cd184b7168ae083","name":"admin","image":{"@type":"ImageObject","inLanguage":"es","@id":"https:\/\/mexiconoticias.net\/#\/schema\/person\/image\/","url":"https:\/\/secure.gravatar.com\/avatar\/d6d3b9110f970ece0b451bc8cff830790cf8c9d5d49a1a41f2d2f57a0b42a564?s=96&d=mm&r=g","contentUrl":"https:\/\/secure.gravatar.com\/avatar\/d6d3b9110f970ece0b451bc8cff830790cf8c9d5d49a1a41f2d2f57a0b42a564?s=96&d=mm&r=g","caption":"admin"},"sameAs":["https:\/\/mexiconoticias.net"],"url":"https:\/\/mexiconoticias.net\/index.php\/author\/wp_useradmin_mexnoticias\/"}]}},"_links":{"self":[{"href":"https:\/\/mexiconoticias.net\/index.php\/wp-json\/wp\/v2\/posts\/959","targetHints":{"allow":["GET"]}}],"collection":[{"href":"https:\/\/mexiconoticias.net\/index.php\/wp-json\/wp\/v2\/posts"}],"about":[{"href":"https:\/\/mexiconoticias.net\/index.php\/wp-json\/wp\/v2\/types\/post"}],"author":[{"embeddable":true,"href":"https:\/\/mexiconoticias.net\/index.php\/wp-json\/wp\/v2\/users\/1"}],"replies":[{"embeddable":true,"href":"https:\/\/mexiconoticias.net\/index.php\/wp-json\/wp\/v2\/comments?post=959"}],"version-history":[{"count":1,"href":"https:\/\/mexiconoticias.net\/index.php\/wp-json\/wp\/v2\/posts\/959\/revisions"}],"predecessor-version":[{"id":961,"href":"https:\/\/mexiconoticias.net\/index.php\/wp-json\/wp\/v2\/posts\/959\/revisions\/961"}],"wp:featuredmedia":[{"embeddable":true,"href":"https:\/\/mexiconoticias.net\/index.php\/wp-json\/wp\/v2\/media\/960"}],"wp:attachment":[{"href":"https:\/\/mexiconoticias.net\/index.php\/wp-json\/wp\/v2\/media?parent=959"}],"wp:term":[{"taxonomy":"category","embeddable":true,"href":"https:\/\/mexiconoticias.net\/index.php\/wp-json\/wp\/v2\/categories?post=959"},{"taxonomy":"post_tag","embeddable":true,"href":"https:\/\/mexiconoticias.net\/index.php\/wp-json\/wp\/v2\/tags?post=959"}],"curies":[{"name":"wp","href":"https:\/\/api.w.org\/{rel}","templated":true}]}}