{"id":970,"date":"2025-03-13T16:15:06","date_gmt":"2025-03-13T16:15:06","guid":{"rendered":"https:\/\/mexiconoticias.net\/?p=970"},"modified":"2025-03-13T16:15:07","modified_gmt":"2025-03-13T16:15:07","slug":"eder-alonso-instala-el-consejo-municipal-de-educacion-en-yautepec","status":"publish","type":"post","link":"https:\/\/mexiconoticias.net\/index.php\/2025\/03\/13\/eder-alonso-instala-el-consejo-municipal-de-educacion-en-yautepec\/","title":{"rendered":"Eder Alonso Instala el Consejo Municipal de Educaci\u00f3n en Yautepec"},"content":{"rendered":"\n<p>El presidente municipal de <strong>Yautepec, Eder Alonso Guti\u00e9rrez<\/strong>, encabez\u00f3 la instalaci\u00f3n del <strong>Consejo Municipal de Educaci\u00f3n<\/strong>, con el objetivo de atender las <strong>demandas del sector educativo<\/strong> y fortalecer el trabajo conjunto en beneficio de la comunidad estudiantil.<\/p>\n\n\n\n<p>Durante el evento, el edil destac\u00f3 que este consejo permitir\u00e1 coordinar esfuerzos para <strong>mejorar la educaci\u00f3n en el municipio<\/strong>, abordando temas como <strong>seguridad y necesidades escolares<\/strong> en colaboraci\u00f3n con el Ayuntamiento. Adem\u00e1s, se llev\u00f3 a cabo la <strong>toma de protesta de los integrantes del consejo<\/strong>, quienes se comprometieron a trabajar a favor del desarrollo educativo en Yautepec.<\/p>\n","protected":false},"excerpt":{"rendered":"<p>El presidente municipal de Yautepec, Eder Alonso Guti\u00e9rrez, encabez\u00f3 la instalaci\u00f3n del Consejo Municipal de Educaci\u00f3n, con el objetivo de [&hellip;]<\/p>\n","protected":false},"author":1,"featured_media":971,"comment_status":"open","ping_status":"open","sticky":false,"template":"","format":"standard","meta":{"site-sidebar-layout":"default","site-content-layout":"","ast-site-content-layout":"","site-content-style":"default","site-sidebar-style":"default","ast-global-header-display":"","ast-banner-title-visibility":"","ast-main-header-display":"","ast-hfb-above-header-display":"","ast-hfb-below-header-display":"","ast-hfb-mobile-header-display":"","site-post-title":"","ast-breadcrumbs-content":"","ast-featured-img":"","footer-sml-layout":"","theme-transparent-header-meta":"","adv-header-id-meta":"","stick-header-meta":"","header-above-stick-meta":"","header-main-stick-meta":"","header-below-stick-meta":"","astra-migrate-meta-layouts":"default","ast-page-background-enabled":"default","ast-page-background-meta":{"desktop":{"background-color":"var(--ast-global-color-4)","background-image":"","background-repeat":"repeat","background-position":"center center","background-size":"auto","background-attachment":"scroll","background-type":"","background-media":"","overlay-type":"","overlay-color":"","overlay-opacity":"","overlay-gradient":""},"tablet":{"background-color":"","background-image":"","background-repeat":"repeat","background-position":"center center","background-size":"auto","background-attachment":"scroll","background-type":"","background-media":"","overlay-type":"","overlay-color":"","overlay-opacity":"","overlay-gradient":""},"mobile":{"background-color":"","background-image":"","background-repeat":"repeat","background-position":"center center","background-size":"auto","background-attachment":"scroll","background-type":"","background-media":"","overlay-type":"","overlay-color":"","overlay-opacity":"","overlay-gradient":""}},"ast-content-background-meta":{"desktop":{"background-color":"var(--ast-global-color-5)","background-image":"","background-repeat":"repeat","background-position":"center center","background-size":"auto","background-attachment":"scroll","background-type":"","background-media":"","overlay-type":"","overlay-color":"","overlay-opacity":"","overlay-gradient":""},"tablet":{"background-color":"var(--ast-global-color-5)","background-image":"","background-repeat":"repeat","background-position":"center center","background-size":"auto","background-attachment":"scroll","background-type":"","background-media":"","overlay-type":"","overlay-color":"","overlay-opacity":"","overlay-gradient":""},"mobile":{"background-color":"var(--ast-global-color-5)","background-image":"","background-repeat":"repeat","background-position":"center center","background-size":"auto","background-attachment":"scroll","background-type":"","background-media":"","overlay-type":"","overlay-color":"","overlay-opacity":"","overlay-gradient":""}},"footnotes":""},"categories":[8],"tags":[],"class_list":["post-970","post","type-post","status-publish","format-standard","has-post-thumbnail","hentry","category-politica"],"yoast_head":"<!-- This site is optimized with the Yoast SEO plugin v24.1 - https:\/\/yoast.com\/wordpress\/plugins\/seo\/ -->\n<title>Eder Alonso Instala el Consejo Municipal de Educaci\u00f3n en Yautepec - M\u00e9xico Noticias<\/title>\n<meta name=\"robots\" content=\"index, follow, max-snippet:-1, max-image-preview:large, max-video-preview:-1\" \/>\n<link rel=\"canonical\" href=\"https:\/\/mexiconoticias.net\/index.php\/2025\/03\/13\/eder-alonso-instala-el-consejo-municipal-de-educacion-en-yautepec\/\" \/>\n<meta property=\"og:locale\" content=\"es_MX\" \/>\n<meta property=\"og:type\" content=\"article\" \/>\n<meta property=\"og:title\" content=\"Eder Alonso Instala el Consejo Municipal de Educaci\u00f3n en Yautepec - M\u00e9xico Noticias\" \/>\n<meta property=\"og:description\" content=\"El presidente municipal de Yautepec, Eder Alonso Guti\u00e9rrez, encabez\u00f3 la instalaci\u00f3n del Consejo Municipal de Educaci\u00f3n, con el objetivo de [&hellip;]\" \/>\n<meta property=\"og:url\" content=\"https:\/\/mexiconoticias.net\/index.php\/2025\/03\/13\/eder-alonso-instala-el-consejo-municipal-de-educacion-en-yautepec\/\" \/>\n<meta property=\"og:site_name\" content=\"M\u00e9xico Noticias\" \/>\n<meta property=\"article:published_time\" content=\"2025-03-13T16:15:06+00:00\" \/>\n<meta property=\"article:modified_time\" content=\"2025-03-13T16:15:07+00:00\" \/>\n<meta property=\"og:image\" content=\"https:\/\/mexiconoticias.net\/wp-content\/uploads\/2025\/03\/ede.jpeg\" \/>\n\t<meta property=\"og:image:width\" content=\"275\" \/>\n\t<meta property=\"og:image:height\" content=\"183\" \/>\n\t<meta property=\"og:image:type\" content=\"image\/jpeg\" \/>\n<meta name=\"author\" content=\"admin\" \/>\n<meta name=\"twitter:card\" content=\"summary_large_image\" \/>\n<meta name=\"twitter:label1\" content=\"Escrito por\" \/>\n\t<meta name=\"twitter:data1\" content=\"admin\" \/>\n\t<meta name=\"twitter:label2\" content=\"Tiempo de lectura\" \/>\n\t<meta name=\"twitter:data2\" content=\"1 minuto\" \/>\n<script type=\"application\/ld+json\" class=\"yoast-schema-graph\">{\"@context\":\"https:\/\/schema.org\",\"@graph\":[{\"@type\":\"Article\",\"@id\":\"https:\/\/mexiconoticias.net\/index.php\/2025\/03\/13\/eder-alonso-instala-el-consejo-municipal-de-educacion-en-yautepec\/#article\",\"isPartOf\":{\"@id\":\"https:\/\/mexiconoticias.net\/index.php\/2025\/03\/13\/eder-alonso-instala-el-consejo-municipal-de-educacion-en-yautepec\/\"},\"author\":{\"name\":\"admin\",\"@id\":\"https:\/\/mexiconoticias.net\/#\/schema\/person\/a00208b3b9fd28047cd184b7168ae083\"},\"headline\":\"Eder Alonso Instala el Consejo Municipal de Educaci\u00f3n en Yautepec\",\"datePublished\":\"2025-03-13T16:15:06+00:00\",\"dateModified\":\"2025-03-13T16:15:07+00:00\",\"mainEntityOfPage\":{\"@id\":\"https:\/\/mexiconoticias.net\/index.php\/2025\/03\/13\/eder-alonso-instala-el-consejo-municipal-de-educacion-en-yautepec\/\"},\"wordCount\":111,\"commentCount\":0,\"publisher\":{\"@id\":\"https:\/\/mexiconoticias.net\/#organization\"},\"image\":{\"@id\":\"https:\/\/mexiconoticias.net\/index.php\/2025\/03\/13\/eder-alonso-instala-el-consejo-municipal-de-educacion-en-yautepec\/#primaryimage\"},\"thumbnailUrl\":\"https:\/\/mexiconoticias.net\/wp-content\/uploads\/2025\/03\/ede.jpeg\",\"articleSection\":[\"Pol\u00edtica\"],\"inLanguage\":\"es\",\"potentialAction\":[{\"@type\":\"CommentAction\",\"name\":\"Comment\",\"target\":[\"https:\/\/mexiconoticias.net\/index.php\/2025\/03\/13\/eder-alonso-instala-el-consejo-municipal-de-educacion-en-yautepec\/#respond\"]}]},{\"@type\":\"WebPage\",\"@id\":\"https:\/\/mexiconoticias.net\/index.php\/2025\/03\/13\/eder-alonso-instala-el-consejo-municipal-de-educacion-en-yautepec\/\",\"url\":\"https:\/\/mexiconoticias.net\/index.php\/2025\/03\/13\/eder-alonso-instala-el-consejo-municipal-de-educacion-en-yautepec\/\",\"name\":\"Eder Alonso Instala el Consejo Municipal de Educaci\u00f3n en Yautepec - M\u00e9xico Noticias\",\"isPartOf\":{\"@id\":\"https:\/\/mexiconoticias.net\/#website\"},\"primaryImageOfPage\":{\"@id\":\"https:\/\/mexiconoticias.net\/index.php\/2025\/03\/13\/eder-alonso-instala-el-consejo-municipal-de-educacion-en-yautepec\/#primaryimage\"},\"image\":{\"@id\":\"https:\/\/mexiconoticias.net\/index.php\/2025\/03\/13\/eder-alonso-instala-el-consejo-municipal-de-educacion-en-yautepec\/#primaryimage\"},\"thumbnailUrl\":\"https:\/\/mexiconoticias.net\/wp-content\/uploads\/2025\/03\/ede.jpeg\",\"datePublished\":\"2025-03-13T16:15:06+00:00\",\"dateModified\":\"2025-03-13T16:15:07+00:00\",\"breadcrumb\":{\"@id\":\"https:\/\/mexiconoticias.net\/index.php\/2025\/03\/13\/eder-alonso-instala-el-consejo-municipal-de-educacion-en-yautepec\/#breadcrumb\"},\"inLanguage\":\"es\",\"potentialAction\":[{\"@type\":\"ReadAction\",\"target\":[\"https:\/\/mexiconoticias.net\/index.php\/2025\/03\/13\/eder-alonso-instala-el-consejo-municipal-de-educacion-en-yautepec\/\"]}]},{\"@type\":\"ImageObject\",\"inLanguage\":\"es\",\"@id\":\"https:\/\/mexiconoticias.net\/index.php\/2025\/03\/13\/eder-alonso-instala-el-consejo-municipal-de-educacion-en-yautepec\/#primaryimage\",\"url\":\"https:\/\/mexiconoticias.net\/wp-content\/uploads\/2025\/03\/ede.jpeg\",\"contentUrl\":\"https:\/\/mexiconoticias.net\/wp-content\/uploads\/2025\/03\/ede.jpeg\",\"width\":275,\"height\":183},{\"@type\":\"BreadcrumbList\",\"@id\":\"https:\/\/mexiconoticias.net\/index.php\/2025\/03\/13\/eder-alonso-instala-el-consejo-municipal-de-educacion-en-yautepec\/#breadcrumb\",\"itemListElement\":[{\"@type\":\"ListItem\",\"position\":1,\"name\":\"Inicio\",\"item\":\"https:\/\/mexiconoticias.net\/\"},{\"@type\":\"ListItem\",\"position\":2,\"name\":\"Eder Alonso Instala el Consejo Municipal de Educaci\u00f3n en Yautepec\"}]},{\"@type\":\"WebSite\",\"@id\":\"https:\/\/mexiconoticias.net\/#website\",\"url\":\"https:\/\/mexiconoticias.net\/\",\"name\":\"M\u00e9xico Noticias\",\"description\":\"\",\"publisher\":{\"@id\":\"https:\/\/mexiconoticias.net\/#organization\"},\"potentialAction\":[{\"@type\":\"SearchAction\",\"target\":{\"@type\":\"EntryPoint\",\"urlTemplate\":\"https:\/\/mexiconoticias.net\/?s={search_term_string}\"},\"query-input\":{\"@type\":\"PropertyValueSpecification\",\"valueRequired\":true,\"valueName\":\"search_term_string\"}}],\"inLanguage\":\"es\"},{\"@type\":\"Organization\",\"@id\":\"https:\/\/mexiconoticias.net\/#organization\",\"name\":\"M\u00e9xico Noticias\",\"url\":\"https:\/\/mexiconoticias.net\/\",\"logo\":{\"@type\":\"ImageObject\",\"inLanguage\":\"es\",\"@id\":\"https:\/\/mexiconoticias.net\/#\/schema\/logo\/image\/\",\"url\":\"https:\/\/mexiconoticias.net\/wp-content\/uploads\/2024\/12\/mnnb.png\",\"contentUrl\":\"https:\/\/mexiconoticias.net\/wp-content\/uploads\/2024\/12\/mnnb.png\",\"width\":556,\"height\":246,\"caption\":\"M\u00e9xico Noticias\"},\"image\":{\"@id\":\"https:\/\/mexiconoticias.net\/#\/schema\/logo\/image\/\"}},{\"@type\":\"Person\",\"@id\":\"https:\/\/mexiconoticias.net\/#\/schema\/person\/a00208b3b9fd28047cd184b7168ae083\",\"name\":\"admin\",\"image\":{\"@type\":\"ImageObject\",\"inLanguage\":\"es\",\"@id\":\"https:\/\/mexiconoticias.net\/#\/schema\/person\/image\/\",\"url\":\"https:\/\/secure.gravatar.com\/avatar\/d6d3b9110f970ece0b451bc8cff830790cf8c9d5d49a1a41f2d2f57a0b42a564?s=96&d=mm&r=g\",\"contentUrl\":\"https:\/\/secure.gravatar.com\/avatar\/d6d3b9110f970ece0b451bc8cff830790cf8c9d5d49a1a41f2d2f57a0b42a564?s=96&d=mm&r=g\",\"caption\":\"admin\"},\"sameAs\":[\"https:\/\/mexiconoticias.net\"],\"url\":\"https:\/\/mexiconoticias.net\/index.php\/author\/wp_useradmin_mexnoticias\/\"}]}<\/script>\n<!-- \/ Yoast SEO plugin. -->","yoast_head_json":{"title":"Eder Alonso Instala el Consejo Municipal de Educaci\u00f3n en Yautepec - M\u00e9xico Noticias","robots":{"index":"index","follow":"follow","max-snippet":"max-snippet:-1","max-image-preview":"max-image-preview:large","max-video-preview":"max-video-preview:-1"},"canonical":"https:\/\/mexiconoticias.net\/index.php\/2025\/03\/13\/eder-alonso-instala-el-consejo-municipal-de-educacion-en-yautepec\/","og_locale":"es_MX","og_type":"article","og_title":"Eder Alonso Instala el Consejo Municipal de Educaci\u00f3n en Yautepec - M\u00e9xico Noticias","og_description":"El presidente municipal de Yautepec, Eder Alonso Guti\u00e9rrez, encabez\u00f3 la instalaci\u00f3n del Consejo Municipal de Educaci\u00f3n, con el objetivo de [&hellip;]","og_url":"https:\/\/mexiconoticias.net\/index.php\/2025\/03\/13\/eder-alonso-instala-el-consejo-municipal-de-educacion-en-yautepec\/","og_site_name":"M\u00e9xico Noticias","article_published_time":"2025-03-13T16:15:06+00:00","article_modified_time":"2025-03-13T16:15:07+00:00","og_image":[{"width":275,"height":183,"url":"https:\/\/mexiconoticias.net\/wp-content\/uploads\/2025\/03\/ede.jpeg","type":"image\/jpeg"}],"author":"admin","twitter_card":"summary_large_image","twitter_misc":{"Escrito por":"admin","Tiempo de lectura":"1 minuto"},"schema":{"@context":"https:\/\/schema.org","@graph":[{"@type":"Article","@id":"https:\/\/mexiconoticias.net\/index.php\/2025\/03\/13\/eder-alonso-instala-el-consejo-municipal-de-educacion-en-yautepec\/#article","isPartOf":{"@id":"https:\/\/mexiconoticias.net\/index.php\/2025\/03\/13\/eder-alonso-instala-el-consejo-municipal-de-educacion-en-yautepec\/"},"author":{"name":"admin","@id":"https:\/\/mexiconoticias.net\/#\/schema\/person\/a00208b3b9fd28047cd184b7168ae083"},"headline":"Eder Alonso Instala el Consejo Municipal de Educaci\u00f3n en Yautepec","datePublished":"2025-03-13T16:15:06+00:00","dateModified":"2025-03-13T16:15:07+00:00","mainEntityOfPage":{"@id":"https:\/\/mexiconoticias.net\/index.php\/2025\/03\/13\/eder-alonso-instala-el-consejo-municipal-de-educacion-en-yautepec\/"},"wordCount":111,"commentCount":0,"publisher":{"@id":"https:\/\/mexiconoticias.net\/#organization"},"image":{"@id":"https:\/\/mexiconoticias.net\/index.php\/2025\/03\/13\/eder-alonso-instala-el-consejo-municipal-de-educacion-en-yautepec\/#primaryimage"},"thumbnailUrl":"https:\/\/mexiconoticias.net\/wp-content\/uploads\/2025\/03\/ede.jpeg","articleSection":["Pol\u00edtica"],"inLanguage":"es","potentialAction":[{"@type":"CommentAction","name":"Comment","target":["https:\/\/mexiconoticias.net\/index.php\/2025\/03\/13\/eder-alonso-instala-el-consejo-municipal-de-educacion-en-yautepec\/#respond"]}]},{"@type":"WebPage","@id":"https:\/\/mexiconoticias.net\/index.php\/2025\/03\/13\/eder-alonso-instala-el-consejo-municipal-de-educacion-en-yautepec\/","url":"https:\/\/mexiconoticias.net\/index.php\/2025\/03\/13\/eder-alonso-instala-el-consejo-municipal-de-educacion-en-yautepec\/","name":"Eder Alonso Instala el Consejo Municipal de Educaci\u00f3n en Yautepec - M\u00e9xico Noticias","isPartOf":{"@id":"https:\/\/mexiconoticias.net\/#website"},"primaryImageOfPage":{"@id":"https:\/\/mexiconoticias.net\/index.php\/2025\/03\/13\/eder-alonso-instala-el-consejo-municipal-de-educacion-en-yautepec\/#primaryimage"},"image":{"@id":"https:\/\/mexiconoticias.net\/index.php\/2025\/03\/13\/eder-alonso-instala-el-consejo-municipal-de-educacion-en-yautepec\/#primaryimage"},"thumbnailUrl":"https:\/\/mexiconoticias.net\/wp-content\/uploads\/2025\/03\/ede.jpeg","datePublished":"2025-03-13T16:15:06+00:00","dateModified":"2025-03-13T16:15:07+00:00","breadcrumb":{"@id":"https:\/\/mexiconoticias.net\/index.php\/2025\/03\/13\/eder-alonso-instala-el-consejo-municipal-de-educacion-en-yautepec\/#breadcrumb"},"inLanguage":"es","potentialAction":[{"@type":"ReadAction","target":["https:\/\/mexiconoticias.net\/index.php\/2025\/03\/13\/eder-alonso-instala-el-consejo-municipal-de-educacion-en-yautepec\/"]}]},{"@type":"ImageObject","inLanguage":"es","@id":"https:\/\/mexiconoticias.net\/index.php\/2025\/03\/13\/eder-alonso-instala-el-consejo-municipal-de-educacion-en-yautepec\/#primaryimage","url":"https:\/\/mexiconoticias.net\/wp-content\/uploads\/2025\/03\/ede.jpeg","contentUrl":"https:\/\/mexiconoticias.net\/wp-content\/uploads\/2025\/03\/ede.jpeg","width":275,"height":183},{"@type":"BreadcrumbList","@id":"https:\/\/mexiconoticias.net\/index.php\/2025\/03\/13\/eder-alonso-instala-el-consejo-municipal-de-educacion-en-yautepec\/#breadcrumb","itemListElement":[{"@type":"ListItem","position":1,"name":"Inicio","item":"https:\/\/mexiconoticias.net\/"},{"@type":"ListItem","position":2,"name":"Eder Alonso Instala el Consejo Municipal de Educaci\u00f3n en Yautepec"}]},{"@type":"WebSite","@id":"https:\/\/mexiconoticias.net\/#website","url":"https:\/\/mexiconoticias.net\/","name":"M\u00e9xico Noticias","description":"","publisher":{"@id":"https:\/\/mexiconoticias.net\/#organization"},"potentialAction":[{"@type":"SearchAction","target":{"@type":"EntryPoint","urlTemplate":"https:\/\/mexiconoticias.net\/?s={search_term_string}"},"query-input":{"@type":"PropertyValueSpecification","valueRequired":true,"valueName":"search_term_string"}}],"inLanguage":"es"},{"@type":"Organization","@id":"https:\/\/mexiconoticias.net\/#organization","name":"M\u00e9xico Noticias","url":"https:\/\/mexiconoticias.net\/","logo":{"@type":"ImageObject","inLanguage":"es","@id":"https:\/\/mexiconoticias.net\/#\/schema\/logo\/image\/","url":"https:\/\/mexiconoticias.net\/wp-content\/uploads\/2024\/12\/mnnb.png","contentUrl":"https:\/\/mexiconoticias.net\/wp-content\/uploads\/2024\/12\/mnnb.png","width":556,"height":246,"caption":"M\u00e9xico Noticias"},"image":{"@id":"https:\/\/mexiconoticias.net\/#\/schema\/logo\/image\/"}},{"@type":"Person","@id":"https:\/\/mexiconoticias.net\/#\/schema\/person\/a00208b3b9fd28047cd184b7168ae083","name":"admin","image":{"@type":"ImageObject","inLanguage":"es","@id":"https:\/\/mexiconoticias.net\/#\/schema\/person\/image\/","url":"https:\/\/secure.gravatar.com\/avatar\/d6d3b9110f970ece0b451bc8cff830790cf8c9d5d49a1a41f2d2f57a0b42a564?s=96&d=mm&r=g","contentUrl":"https:\/\/secure.gravatar.com\/avatar\/d6d3b9110f970ece0b451bc8cff830790cf8c9d5d49a1a41f2d2f57a0b42a564?s=96&d=mm&r=g","caption":"admin"},"sameAs":["https:\/\/mexiconoticias.net"],"url":"https:\/\/mexiconoticias.net\/index.php\/author\/wp_useradmin_mexnoticias\/"}]}},"_links":{"self":[{"href":"https:\/\/mexiconoticias.net\/index.php\/wp-json\/wp\/v2\/posts\/970","targetHints":{"allow":["GET"]}}],"collection":[{"href":"https:\/\/mexiconoticias.net\/index.php\/wp-json\/wp\/v2\/posts"}],"about":[{"href":"https:\/\/mexiconoticias.net\/index.php\/wp-json\/wp\/v2\/types\/post"}],"author":[{"embeddable":true,"href":"https:\/\/mexiconoticias.net\/index.php\/wp-json\/wp\/v2\/users\/1"}],"replies":[{"embeddable":true,"href":"https:\/\/mexiconoticias.net\/index.php\/wp-json\/wp\/v2\/comments?post=970"}],"version-history":[{"count":1,"href":"https:\/\/mexiconoticias.net\/index.php\/wp-json\/wp\/v2\/posts\/970\/revisions"}],"predecessor-version":[{"id":972,"href":"https:\/\/mexiconoticias.net\/index.php\/wp-json\/wp\/v2\/posts\/970\/revisions\/972"}],"wp:featuredmedia":[{"embeddable":true,"href":"https:\/\/mexiconoticias.net\/index.php\/wp-json\/wp\/v2\/media\/971"}],"wp:attachment":[{"href":"https:\/\/mexiconoticias.net\/index.php\/wp-json\/wp\/v2\/media?parent=970"}],"wp:term":[{"taxonomy":"category","embeddable":true,"href":"https:\/\/mexiconoticias.net\/index.php\/wp-json\/wp\/v2\/categories?post=970"},{"taxonomy":"post_tag","embeddable":true,"href":"https:\/\/mexiconoticias.net\/index.php\/wp-json\/wp\/v2\/tags?post=970"}],"curies":[{"name":"wp","href":"https:\/\/api.w.org\/{rel}","templated":true}]}}